{"id":64,"date":"2021-03-20T14:22:07","date_gmt":"2021-03-20T17:22:07","guid":{"rendered":"http:\/\/noticiasnomundo.online\/?p=64"},"modified":"2021-03-20T14:22:07","modified_gmt":"2021-03-20T17:22:07","slug":"rio-tem-praias-vazias-e-fiscalizacao-da-guarda-municipal-na-manha-deste-sabado","status":"publish","type":"post","link":"https:\/\/portalr3.online\/index.php\/2021\/03\/20\/rio-tem-praias-vazias-e-fiscalizacao-da-guarda-municipal-na-manha-deste-sabado\/","title":{"rendered":"Rio tem praias vazias e fiscaliza\u00e7\u00e3o da Guarda Municipal na manh\u00e3 deste s\u00e1bado"},"content":{"rendered":"\n<p>Segundo a Guarda Municipal (GM), os agentes est\u00e3o &#8220;posicionados em diversos pontos&#8221;. Por volta das 7h40, n\u00e3o havia movimenta\u00e7\u00e3o nas praias do Arpoador, na Zona Sul do Rio, e na Barra da Tijuca, Zona Oeste.<\/p>\n\n\n\n<p>Os\u00a0fiscais atuavam tamb\u00e9m nos acessos\u00a0de praias. Uma equipe da\u00a0<strong>Guarda Municipal realizou um bloqueio<\/strong>\u00a0em uma via de acesso \u00e0 praia de Praia de Barra de Guaratiba, tamb\u00e9m na Zona Oeste do Rio.<\/p>\n\n\n\n<p>Surfistas desrespeitam regras na Zona Oeste<\/p>\n\n\n\n<p>A pr\u00e1tica esportiva nos cal\u00e7ad\u00f5es e orla est\u00e1 permitida. Apesar disso, as atividades em grupo na \u00e1gua e areia est\u00e3o proibidas.<\/p>\n\n\n\n<p>Surfistas desrespeitaram a restri\u00e7\u00e3o na Praia do Recreio, na Zona Oeste do Rio. Diversas pessoas se espalharam pela \u00e1gua e disputavam as ondas.<\/p>\n\n\n\n<p>Conforme mostrou o RJ1, havia pouca fiscaliza\u00e7\u00e3o na faixa de areia. A GM, no entanto, recomendou que a\u00a0popula\u00e7\u00e3o evite aglomera\u00e7\u00f5es.<\/p>\n\n\n\n<h2 class=\"wp-block-heading\">Veja regras do decreto<\/h2>\n\n\n\n<p>As<a href=\"https:\/\/g1.globo.com\/rj\/rio-de-janeiro\/noticia\/2021\/03\/19\/rio-proibe-banho-de-mar-pratica-de-esportes-na-praia-e-entrada-de-onibus-fretado-no-municipio-confira-medidas.ghtml\">\u00a0<\/a>novas medidas restritivas no Rio come\u00e7aram a valer a 0h deste s\u00e1bado (20).<\/p>\n\n\n\n<p>O decreto publicado pela prefeitura carioca na sexta-feira (19) determinou, por exemplo, o fechamento das praias e a entrada de \u00f4nibus fretados no munic\u00edpio.<\/p>\n\n\n\n<p>As regras se somam \u00e0s do decreto publicado h\u00e1 uma semana e, a princ\u00edpio,\u00a0valem somente para este fim de semana\u00a0\u2014 da 0h de s\u00e1bado (20) at\u00e9 as 5h de segunda-feira (22). <\/p>\n\n\n\n<h2 class=\"wp-block-heading\">Est\u00e1 proibido:<\/h2>\n\n\n\n<ul class=\"wp-block-list\"><li>Ficar na areia da praia;<\/li><li>Praticar esportes na praia;<\/li><li>Tomar banho de mar;<\/li><li>Com\u00e9rcio e servi\u00e7os na praia, incluindo ambulantes;<\/li><li>Entrada de \u00f4nibus e vans fretados na cidade, exceto de hot\u00e9is;<\/li><li>Estacionar na orla.<\/li><\/ul>\n\n\n\n<p>Quiosques podem abrir normalmente.<\/p>\n\n\n\n<p>As \u00e1reas de lazer da orla n\u00e3o v\u00e3o funcionar no domingo.<\/p>\n\n\n\n<p>De acordo com a determina\u00e7\u00e3o, fica proibida a\u00a0<strong>perman\u00eancia nas areias<\/strong>\u00a0em qualquer hor\u00e1rio, incluindo a pr\u00e1tica de esportes, o banho de mar e o exerc\u00edcio de qualquer atividade econ\u00f4mica, como o com\u00e9rcio ambulante.<\/p>\n\n\n\n<p>Tamb\u00e9m est\u00e1 proibida a\u00a0<strong>entrada de \u00f4nibus<\/strong>\u00a0e outros ve\u00edculos de fretamento na cidade, com a exce\u00e7\u00e3o dos que prestam servi\u00e7os regulares para os funcion\u00e1rios de empresas ou para hot\u00e9is. Neste \u00faltimo caso, os passageiros devem confirmar a reserva de hospedagem.<\/p>\n\n\n\n<p>O&nbsp;<strong>estacionamento<\/strong>&nbsp;tamb\u00e9m foi proibido na orla, exceto para os moradores, idosos, portadores de necessidades especiais, h\u00f3spedes de hot\u00e9is e t\u00e1xis.<\/p>\n\n\n\n<p>As \u00e1reas de lazer nas pistas das avenidas Delfim Moreira, Vieira Souto e Atl\u00e2ntica, al\u00e9m do Aterro do Flamengo, tamb\u00e9m est\u00e3o suspensas.<\/p>\n\n\n\n<h2 class=\"wp-block-heading\">Relembre o decreto do dia 11<\/h2>\n\n\n\n<p>O fechamento das praias \u00e9 um acr\u00e9scimo ao decreto da semana passada. As regras s\u00e3o:<\/p>\n\n\n\n<ul class=\"wp-block-list\"><li>Entre 23h e 5h, ser\u00e1 proibido permanecer em ruas, espa\u00e7os p\u00fablicos, praias e pra\u00e7as; a multa por descumprimento \u00e9 de R$ 562,42 \u2013 a circula\u00e7\u00e3o ser\u00e1 permitida;<\/li><li>Eventos, festas e rodas de samba tamb\u00e9m est\u00e3o proibidos;<\/li><li>N\u00e3o podem funcionar boates, casas de espet\u00e1culo, feiras especiais, feiras de ambulantes e feirartes (artesanato) \u2014 feiras livres, de alimentos, est\u00e3o liberadas;<\/li><li>A lota\u00e7\u00e3o m\u00e1xima de 40% tamb\u00e9m deve ser observada em todos os lugares.<\/li><\/ul>\n\n\n\n<p>No entanto, bares, restaurantes e afins ainda poder\u00e3o funcionar at\u00e9 as 21h, com delivery depois desse hor\u00e1rio.<\/p>\n\n\n\n<p>Continua em vigor o&nbsp;<strong>escalonamento das atividades econ\u00f4micas<\/strong>:<\/p>\n\n\n\n<ul class=\"wp-block-list\"><li>Servi\u00e7os: das 8h \u00e0s 17h;<\/li><li>Reparti\u00e7\u00f5es p\u00fablicas: das 9h \u00e0s 19h;<\/li><li>Com\u00e9rcio (incluindo shoppings): das 10h30 \u00e0s 21h.<\/li><\/ul>\n\n\n\n<h2 class=\"wp-block-heading\">Recorde de interna\u00e7\u00e3o<\/h2>\n\n\n\n<p>As UTIs dos hospitais p\u00fablicos do Rio tinham mais de 622 pacientes internados nesta quinta-feira (18). Foi o maior n\u00famero desde o in\u00edcio da pandemia, mesmo se considerado o momento em que havia hospitais de campanha.<\/p>\n\n\n\n<p>A ocupa\u00e7\u00e3o de leitos de UTI na rede SUS na capital \u2014 incluindo leitos municipais, estaduais e federais \u2014 era de 95%.<\/p>\n","protected":false},"excerpt":{"rendered":"<p>Segundo a Guarda Municipal (GM), os agentes est\u00e3o &#8220;posicionados em diversos pontos&#8221;. Por volta das 7h40, n\u00e3o havia movimenta\u00e7\u00e3o nas<\/p>\n","protected":false},"author":1,"featured_media":65,"comment_status":"open","ping_status":"open","sticky":false,"template":"","format":"standard","meta":{"colormag_page_container_layout":"default_layout","colormag_page_sidebar_layout":"default_layout","footnotes":""},"categories":[3],"tags":[],"class_list":["post-64","post","type-post","status-publish","format-standard","has-post-thumbnail","hentry","category-covid-19"],"aioseo_notices":[],"_links":{"self":[{"href":"https:\/\/portalr3.online\/index.php\/wp-json\/wp\/v2\/posts\/64","targetHints":{"allow":["GET"]}}],"collection":[{"href":"https:\/\/portalr3.online\/index.php\/wp-json\/wp\/v2\/posts"}],"about":[{"href":"https:\/\/portalr3.online\/index.php\/wp-json\/wp\/v2\/types\/post"}],"author":[{"embeddable":true,"href":"https:\/\/portalr3.online\/index.php\/wp-json\/wp\/v2\/users\/1"}],"replies":[{"embeddable":true,"href":"https:\/\/portalr3.online\/index.php\/wp-json\/wp\/v2\/comments?post=64"}],"version-history":[{"count":0,"href":"https:\/\/portalr3.online\/index.php\/wp-json\/wp\/v2\/posts\/64\/revisions"}],"wp:featuredmedia":[{"embeddable":true,"href":"https:\/\/portalr3.online\/index.php\/wp-json\/wp\/v2\/media\/65"}],"wp:attachment":[{"href":"https:\/\/portalr3.online\/index.php\/wp-json\/wp\/v2\/media?parent=64"}],"wp:term":[{"taxonomy":"category","embeddable":true,"href":"https:\/\/portalr3.online\/index.php\/wp-json\/wp\/v2\/categories?post=64"},{"taxonomy":"post_tag","embeddable":true,"href":"https:\/\/portalr3.online\/index.php\/wp-json\/wp\/v2\/tags?post=64"}],"curies":[{"name":"wp","href":"https:\/\/api.w.org\/{rel}","templated":true}]}}