{"id":6349,"date":"2021-05-04T22:21:23","date_gmt":"2021-05-05T01:21:23","guid":{"rendered":"https:\/\/portalnarede.com.br\/?p=6349"},"modified":"2021-05-04T22:21:23","modified_gmt":"2021-05-05T01:21:23","slug":"paulo-gustavo-morre-de-covid-no-rio-aos-42-anos","status":"publish","type":"post","link":"https:\/\/portalr3.online\/index.php\/2021\/05\/04\/paulo-gustavo-morre-de-covid-no-rio-aos-42-anos\/","title":{"rendered":"Morre ator e humorista Paulo Gustavo, aos 42 anos, em decorr\u00eancia da covid-19; ele estava internado desde 13 de mar\u00e7o e teve o estado agravado no domingo (2)"},"content":{"rendered":"\n<p>*Fonte: UOL | Foto: Reprodu\u00e7\u00e3o Rede Social<\/p>\n\n\n\n<p>O ator Paulo Gustavo morreu hoje, aos 42 anos, em decorr\u00eancia da covid-19. A informa\u00e7\u00e3o foi confirmada pela equipe do ator ao\u00a0<strong>UOL<\/strong>. Ele estava\u00a0internado no Hospital Copa Star, no Rio, desde o dia 13 de mar\u00e7o.<\/p>\n\n\n\n<p>&#8220;\u00c0s 21h12 desta ter\u00e7a-feira, 04\/05, lamentavelmente o paciente Paulo Gustavo Monteiro faleceu, v\u00edtima da covid-19 e suas complica\u00e7\u00f5es. Em todos os momentos de sua interna\u00e7\u00e3o, tanto o paciente quanto os seus familiares e amigos pr\u00f3ximos tiveram condutas irretoc\u00e1veis, transmitindo confian\u00e7a na equipe m\u00e9dica e nos demais profissionais que participaram de seu tratamento&#8221;,&nbsp;<strong>diz a nota<\/strong>.<\/p>\n\n\n\n<figure class=\"wp-block-embed\"><div class=\"wp-block-embed__wrapper\">\nhttps:\/\/s.dynad.net\/stack\/928W5r5IndTfocT3VdUV-AB8UVlc0JbnGWyFZsei5gU.html\n<\/div><\/figure>\n\n\n\n<p><a href=\"https:\/\/www.uol.com.br\/splash\/colunas\/mauricio-stycer\/2021\/05\/04\/paulo-gustavo-evitou-o-caminho-mais-facil-e-fez-fama-longe-da-tv-aberta.htm\"><\/a><\/p>\n\n\n\n<p>&#8220;A equipe profissional que participou de seu tratamento est\u00e1 profundamente consternada e solid\u00e1ria ao sofrimento de todos&#8221;, acrescenta o comunicado.<\/p>\n\n\n\n<p>No hospital, o humorista ficou em estado grave e foi\u00a0tratado com ECMO, uma esp\u00e9cie de pulm\u00e3o\u00a0artificial. Ontem, ele teve f\u00edstulas que causaram o\u00a0vazamento de ar do pulm\u00e3o e desencadearam uma embolia gasosa\u00a0\u2014 quando vasos sangu\u00edneos s\u00e3o obstru\u00eddos por bolhas de ar.<\/p>\n\n\n\n<p>O boletim de ontem indicava que a situa\u00e7\u00e3o cl\u00ednica era &#8220;inst\u00e1vel e de extrema gravidade&#8221;. Ap\u00f3s a piora, diversos amigos mandaram mensagens de apoio para o humorista, como\u00a0Tat\u00e1 Werneck, Ingrid Guimar\u00e3es e M\u00f4nica Martelli. Hoje, mais cedo, a\u00a0equipe do humorista informou que o quadro era &#8220;irrevers\u00edvel&#8221;.<\/p>\n\n\n\n<p>Paulo Gustavo deixa o marido, o m\u00e9dico Thales Bretas, e dois filhos.<\/p>\n\n\n\n<p>O hist\u00f3rico do estado de Paulo GustavoO comediante foi intubado em 21 de mar\u00e7o, ap\u00f3s 8 dias de interna\u00e7\u00e3o para combater a covid-19. Paulo Gustavo, no entanto, continuou a apresentar\u00a0piora do quadro respirat\u00f3rio\u00a0e, no dia 2 de abril, a equipe m\u00e9dica decidiu submet\u00ea-lo \u00e0\u00a0terapia por ECMO\u00a0(Oxigena\u00e7\u00e3o por Membrana Extracorp\u00f3rea) na UTI, uma t\u00e9cnica tamb\u00e9m conhecida como pulm\u00e3o artificial que auxilia na oxigena\u00e7\u00e3o do sangue.<\/p>\n\n\n\n<p>No dia 4 e, novamente, no dia 9 de abril, o ator passou por procedimentos por via endosc\u00f3pica (toracoscopia) para\u00a0corrigir f\u00edstulas bronco-pleurais, uma comunica\u00e7\u00e3o anormal entre br\u00f4nquios e pleura, a membrana dos pulm\u00f5es, que permite o vazamento de ar.<\/p>\n\n\n\n<p>Em 11 de abril, o ator seguia em estado cr\u00edtico e teve nova f\u00edstula detectada, segundo nota \u00e0 imprensa, recebendo\u00a0reposi\u00e7\u00e3o de fatores de coagula\u00e7\u00e3o. No dia 15 de abril, um novo boletim m\u00e9dico afirmou que ele tamb\u00e9m foi submetido naquela semana a &#8220;v\u00e1rias interven\u00e7\u00f5es, como broncoscopias, e alguns procedimentos cir\u00fargicos&#8221;\u00a0que controlaram hemorragias.<\/p>\n\n\n\n<p>Segundo a equipe de Paulo Gustavo, o boletim divulgado no dia 26 de abril informou que\u00a0uma nova pneumonia bacteriana havia sido identificada. Na ocasi\u00e3o, os m\u00e9dicos estavam otimistas, acreditavam que o problema estava sendo tratado de forma eficiente e falavam em &#8220;evid\u00eancias de melhora na fun\u00e7\u00e3o pulmonar&#8221;.<\/p>\n\n\n\n<p>Ontem pela manh\u00e3, ele tinha acordado e interagido com o marido, informaram os m\u00e9dicos. Por\u00e9m, mais tarde, o ator teve uma embolia s\u00fabita que atingiu o sistema nervoso. Hoje, os m\u00e9dicos informaram que o quadro era irrevers\u00edvel.<\/p>\n\n\n\n<p>Preocupa\u00e7\u00e3o com coronav\u00edrus<\/p>\n\n\n\n<p>Nos meses anteriores de ir ao hospital, Paulo n\u00e3o escondia sua preocupa\u00e7\u00e3o com o\u00a0coronav\u00edrus. Em maio do ano passado, o humorista disse que estava curtindo a vida dom\u00e9stica, mesmo porque est\u00e1 &#8220;paranoico&#8221; com o coronav\u00edrus.<\/p>\n\n\n\n<p>&#8220;Estou porque tenho problema respirat\u00f3rio. A medicina n\u00e3o sabe como esse v\u00edrus reage dentro de cada pessoa&#8221;.<\/p>\n\n\n\n<p>Ele contou que estava cumprindo \u00e0 risca o isolamento por pavor de se contaminar.<\/p>\n\n\n\n<p>&#8220;Tenho medo de pegar isso, a pessoa n\u00e3o saber o que usar em mim e eu morrer. Tenho medo&#8221;, disse, em entrevista a Ingrid Guimar\u00e3es, no canal de YouTube do programa &#8220;Al\u00e9m da Conta&#8221;.<\/p>\n\n\n\n<p>Fam\u00edlia<\/p>\n\n\n\n<p>Nascido em Niter\u00f3i, Rio de Janeiro, em 1978, Paulo usou a cidade como cen\u00e1rio dos\u00a0filmes\u00a0&#8220;Minha M\u00e3e \u00e9 uma Pe\u00e7a&#8221; e fazia piadas frequentes sobre a regi\u00e3o. Ele era casado com o m\u00e9dico\u00a0Thales\u00a0Bretas, com quem teve dois filhos,\u00a0Gael\u00a0e Romeu, atrav\u00e9s de uma barriga de aluguel. Os meninos nasceram em agosto de 2019.<\/p>\n\n\n\n<p>&#8220;Agora somos pais de dois meninos lindos, dois le\u00f5ezinhos, cheios de vida e saud\u00e1veis! Estamos muito agradecidos com esse presente que a vida nos deu e em \u00eaxtase de tanta felicidade!&#8221;,&nbsp;escreveu&nbsp;ele no Instagram.<\/p>\n\n\n\n<p>Antes dos meninos, Paulo contou no final de 2017 que uma mulher, que estava gr\u00e1vida de g\u00eameos deles atrav\u00e9s de barriga de aluguel, nos Estados Unidos, sofreu um aborto e perdeu os beb\u00eas. Na ocasi\u00e3o, o ator agradeceu o apoio, disse que ele e o marido estavam muito tristes, mas n\u00e3o perderiam a esperan\u00e7a.<\/p>\n\n\n\n<p>Eu e&nbsp;Thales&nbsp;somos muito jovens, saud\u00e1veis e nos amamos muito! Portanto, vamos come\u00e7ar tudo de novo ano que vem! Seremos pais, mas um pouco mais&nbsp;pra&nbsp;frente!<\/p>\n\n\n\n<p>Estreia no teatro<\/p>\n\n\n\n<p>O humorista se formou na escola de teatro da CAL (Casa de Artes Laranjeiras) e se destacou em 2004 na pe\u00e7a &#8220;Surto&#8221;, com&nbsp;Samatha&nbsp;Schm\u00fctz, quando apresentou a personagem Dona Herm\u00ednia, inspirada em sua m\u00e3e,&nbsp;D\u00e9a&nbsp;L\u00facia.<\/p>\n\n\n\n<p>&#8220;Sempre fui de imitar minha m\u00e3e, minhas tias. Me inspirei na minha m\u00e3e para formar o personagem, mas se voc\u00ea conhecer a minha tia, minha av\u00f3, a minha empregada, voc\u00ea v\u00ea que n\u00e3o est\u00e1 s\u00f3 a minha m\u00e3e na hist\u00f3ria. A primeira vez que minha m\u00e3e viu, ela brincou: &#8216;quero 10% da bilheteria, sou eu que estou ali!&#8221;,&nbsp;contou&nbsp;ele no &#8220;Programa do&nbsp;J\u00f4&#8221; em 2007.<\/p>\n\n\n\n<p>Nos palcos, Paulo brilhou ainda em &#8220;Infraturas&#8221;, &#8220;Minha M\u00e3e \u00e9 uma Pe\u00e7a&#8221;, no qual ganhou o Pr\u00eamio Shell de Melhor Ator, &#8220;Hiperativo&#8221;, &#8220;220 Volts&#8221; e &#8220;Online&#8221;.<\/p>\n\n\n\n<p>Na TV, o ator estreou em 2006 fazendo &#8220;pontas&#8221; na novela &#8220;Prova de Amor&#8221;, da Record, no seriado &#8220;Minha Nada Mole Vida&#8221; e &#8220;A Diarista&#8221;.<\/p>\n\n\n\n<p>Em 2016, se destacou ao interpretar o cabeleireiro Ren\u00e9e na miniss\u00e9rie &#8220;Div\u00e3&#8221; da Globo. No mesmo ano, ele estreou &#8220;220 Volts&#8221; no Multishow, humor\u00edstico em que se destacou com v\u00e1rios personagens. Ele se destacou ainda no &#8220;Vai Que Cola&#8221;, &#8220;Ferdinando Show&#8221; e &#8220;A Vila&#8221;, todos exibidos no Multishow.<\/p>\n\n\n\n<p>No final do ano passado, Paulo esteve no ar na Globo no especial de fim de ano de &#8220;220 Volts&#8221;. Ele interpretou v\u00e1rios personagens de sucesso: Dona Herm\u00ednia, Senhora dos Absurdos, Maria Enfisema, o&nbsp;Palyboy, dentre outros.<\/p>\n\n\n\n<p>Maior bilheteria no cinema nacionalPaulo atuou no cinema em &#8220;Div\u00e3&#8221; (2009), &#8220;Xuxa em O Mist\u00e9rio de&nbsp;Feiurinha&#8221; (2009), &#8220;Os Homens S\u00e3o de Marte&#8230; e \u00c9&nbsp;pra&nbsp;l\u00e1 que Eu Vou&#8221; (2014) e &#8220;Vai que Cola &#8211; O&nbsp;Filme&#8221;, mas foi com a divertida e resmungona Dona Herm\u00ednia, que Paulo fez milhares de pessoas gargalhar, muita identificar a pr\u00f3pria m\u00e3e na personagem e bateu recorde de bilheteria.<\/p>\n\n\n\n<p>Em 2020, &#8220;Minha M\u00e3e \u00e9 uma Pe\u00e7a 3&#8221;, se tornou a maior bilheteria da hist\u00f3ria do cinema nacional, com R$ 143,9 milh\u00f5es arrecadados em sua passagem pelas salas.<\/p>\n\n\n\n<p>O longa&nbsp;superou o cap\u00edtulo anterior da pr\u00f3pria franquia, &#8220;Minha M\u00e3e \u00e9 uma Pe\u00e7a 2&#8221;.<\/p>\n\n\n\n<p>Lan\u00e7ado em 2016, o segundo filme da s\u00e9rie estrelada por Paulo Gustavo arrecadou R$ 123,8 milh\u00f5es.<\/p>\n","protected":false},"excerpt":{"rendered":"<p>*Fonte: UOL | Foto: Reprodu\u00e7\u00e3o Rede Social O ator Paulo Gustavo morreu hoje, aos 42 anos, em decorr\u00eancia da covid-19.<\/p>\n","protected":false},"author":1,"featured_media":6353,"comment_status":"open","ping_status":"open","sticky":false,"template":"","format":"standard","meta":{"colormag_page_container_layout":"default_layout","colormag_page_sidebar_layout":"default_layout","footnotes":""},"categories":[10],"tags":[246,82,242,247,248],"class_list":["post-6349","post","type-post","status-publish","format-standard","has-post-thumbnail","hentry","category-noticias","tag-ator","tag-covid-19","tag-humorista","tag-morreu","tag-paulo-gustavo"],"aioseo_notices":[],"_links":{"self":[{"href":"https:\/\/portalr3.online\/index.php\/wp-json\/wp\/v2\/posts\/6349","targetHints":{"allow":["GET"]}}],"collection":[{"href":"https:\/\/portalr3.online\/index.php\/wp-json\/wp\/v2\/posts"}],"about":[{"href":"https:\/\/portalr3.online\/index.php\/wp-json\/wp\/v2\/types\/post"}],"author":[{"embeddable":true,"href":"https:\/\/portalr3.online\/index.php\/wp-json\/wp\/v2\/users\/1"}],"replies":[{"embeddable":true,"href":"https:\/\/portalr3.online\/index.php\/wp-json\/wp\/v2\/comments?post=6349"}],"version-history":[{"count":0,"href":"https:\/\/portalr3.online\/index.php\/wp-json\/wp\/v2\/posts\/6349\/revisions"}],"wp:featuredmedia":[{"embeddable":true,"href":"https:\/\/portalr3.online\/index.php\/wp-json\/wp\/v2\/media\/6353"}],"wp:attachment":[{"href":"https:\/\/portalr3.online\/index.php\/wp-json\/wp\/v2\/media?parent=6349"}],"wp:term":[{"taxonomy":"category","embeddable":true,"href":"https:\/\/portalr3.online\/index.php\/wp-json\/wp\/v2\/categories?post=6349"},{"taxonomy":"post_tag","embeddable":true,"href":"https:\/\/portalr3.online\/index.php\/wp-json\/wp\/v2\/tags?post=6349"}],"curies":[{"name":"wp","href":"https:\/\/api.w.org\/{rel}","templated":true}]}}