{"id":6346,"date":"2021-05-04T20:25:18","date_gmt":"2021-05-04T23:25:18","guid":{"rendered":"https:\/\/portalnarede.com.br\/?p=6346"},"modified":"2021-05-04T20:25:18","modified_gmt":"2021-05-04T23:25:18","slug":"quadro-de-paulo-gustavo-e-irreversivel-diz-boletim-medico-humorista-esta-internado-desde-13-de-marco-em-decorrencia-da-covid-19","status":"publish","type":"post","link":"https:\/\/portalr3.online\/index.php\/2021\/05\/04\/quadro-de-paulo-gustavo-e-irreversivel-diz-boletim-medico-humorista-esta-internado-desde-13-de-marco-em-decorrencia-da-covid-19\/","title":{"rendered":"Quadro de Paulo Gustavo \u00e9 irrevers\u00edvel, diz boletim m\u00e9dico; humorista est\u00e1 internado desde 13 de mar\u00e7o em decorr\u00eancia da Covid-19"},"content":{"rendered":"\n<p>Fonte: UOL | Foto: Reprodu\u00e7\u00e3o<\/p>\n\n\n\n<p>Em novo boletim divulgado hoje, os m\u00e9dicos respons\u00e1veis pelo tratamento de Paulo Gustavo afirmam que o quadro dele \u00e9 irrevers\u00edvel. O humorista est\u00e1 internado no Rio de Janeiro desde o dia 13 de mar\u00e7o, com covid-19: <\/p>\n\n\n\n<p>&#8220;Ap\u00f3s a constata\u00e7\u00e3o da embolia gasosa disseminada ocorrida no \u00faltimo domingo, em decorr\u00eancia de f\u00edstula br\u00f4nquio-venosa, o estado de sa\u00fade do paciente vem deteriorando de forma importante. Apesar da irreversibilidade do quadro, o paciente ainda se encontra com sinais vitais presentes.&#8221;<\/p>\n\n\n\n<p>A embolia gasosa \u00e9 quando vasos sangu\u00edneos s\u00e3o obstru\u00eddos por bolhas de ar. No caso de Paulo Gustavo, o problema atingiu o sistema nervoso central, que compreende c\u00e9rebro e medula espinhal. <\/p>\n\n\n\n<p>No boletim, a fam\u00edlia agradece a aten\u00e7\u00e3o dos f\u00e3s: &#8220;A fam\u00edlia do ator continua agradecendo todo o carinho e pedindo ora\u00e7\u00f5es dirigidas ao Paulo Gustavo, assim como \u00e0s demais pessoas acometidas por essa doen\u00e7a terr\u00edvel&#8221;. <\/p>\n\n\n\n<p>Amigos pedem ora\u00e7\u00f5es Hoje, amigos de Paulo Gustavo foram \u00e0s redes sociais pedirem ora\u00e7\u00f5es pelo humorista. Tata Werneck fez um desabafo sobre os boatos de que ele teria morrido:<\/p>\n\n\n\n<p>&#8220;A situa\u00e7\u00e3o dele \u00e9 grave. Mas mesmo assim \u00e9 muito cruel darem uma not\u00edcia. Tirarem as chances e as esperan\u00e7as. Paulo est\u00e1 vivo. Permanece lutando. Sabemos da dificuldade e da gravidade. Mas por favor n\u00e3o deem not\u00edcias para ganhar likes.&#8221;<\/p>\n\n\n\n<p><a href=\"https:\/\/tvefamosos.uol.com.br\/noticias\/redacao\/2021\/05\/04\/ana-maria-braga-paulo-gustavo.htm\">Ana Maria Braga disse estar com o &#8220;cora\u00e7\u00e3o na m\u00e3o&#8221;<\/a>, e tamb\u00e9m pediu ora\u00e7\u00f5es: &#8220;Eu pe\u00e7o, por favor, para voc\u00eas que t\u00eam carinho por mim, que direcionem ora\u00e7\u00f5es de melhora para o Paulo Gustavo, assim como para todos os tristes casos de infec\u00e7\u00e3o por covid-19 no nosso pa\u00eds&#8221;.<\/p>\n\n\n\n<p>O hist\u00f3rico do estado de Paulo Gustavo<\/p>\n\n\n\n<p>O comediante foi intubado em 21 de mar\u00e7o, ap\u00f3s 8 dias de interna\u00e7\u00e3o para combater a covid-19. Paulo Gustavo, no entanto, continuou a apresentar\u00a0piora do quadro respirat\u00f3rio\u00a0e, no dia 2 de abril, a equipe m\u00e9dica decidiu submet\u00ea-lo \u00e0\u00a0terapia por ECMO\u00a0(Oxigena\u00e7\u00e3o por Membrana Extracorp\u00f3rea) na UTI, uma t\u00e9cnica tamb\u00e9m conhecida como pulm\u00e3o artificial que auxilia na oxigena\u00e7\u00e3o do sangue.<\/p>\n\n\n\n<p>No dia 4 e, novamente, no dia 9 de abril, o ator passou por procedimentos por via endosc\u00f3pica (toracoscopia) para\u00a0corrigir f\u00edstulas bronco-pleurais, uma comunica\u00e7\u00e3o anormal entre br\u00f4nquios e pleura, a membrana dos pulm\u00f5es, que permite o vazamento de ar.<\/p>\n\n\n\n<p>Em 11 de abril, o ator seguia em estado cr\u00edtico, teve nova f\u00edstula detectada, segundo nota \u00e0 imprensa, e recebeu\u00a0reposi\u00e7\u00e3o de fatores de coagula\u00e7\u00e3o. No dia 15 de abril, um novo boletim m\u00e9dico afirmou que ele tamb\u00e9m foi submetido naquela semana a &#8220;v\u00e1rias interven\u00e7\u00f5es, como broncoscopias, e alguns procedimentos cir\u00fargicos&#8221;\u00a0que controlaram hemorragias.<\/p>\n\n\n\n<p>No\u00a0boletim divulgado ontem, os m\u00e9dicos informaram sobre a embolia gasosa disseminada. Ele chegou a acordar na tarde de domingo e falou com o marido, mas \u00e0 noite o quadro piorou.<\/p>\n","protected":false},"excerpt":{"rendered":"<p>Fonte: UOL | Foto: Reprodu\u00e7\u00e3o Em novo boletim divulgado hoje, os m\u00e9dicos respons\u00e1veis pelo tratamento de Paulo Gustavo afirmam que<\/p>\n","protected":false},"author":1,"featured_media":4996,"comment_status":"open","ping_status":"open","sticky":false,"template":"","format":"standard","meta":{"colormag_page_container_layout":"default_layout","colormag_page_sidebar_layout":"default_layout","footnotes":""},"categories":[129],"tags":[82,241,242,243,244,245],"class_list":["post-6346","post","type-post","status-publish","format-standard","has-post-thumbnail","hentry","category-estilo","tag-covid-19","tag-grave","tag-humorista","tag-irreverssivel","tag-paulo","tag-qiuadro"],"aioseo_notices":[],"_links":{"self":[{"href":"https:\/\/portalr3.online\/index.php\/wp-json\/wp\/v2\/posts\/6346","targetHints":{"allow":["GET"]}}],"collection":[{"href":"https:\/\/portalr3.online\/index.php\/wp-json\/wp\/v2\/posts"}],"about":[{"href":"https:\/\/portalr3.online\/index.php\/wp-json\/wp\/v2\/types\/post"}],"author":[{"embeddable":true,"href":"https:\/\/portalr3.online\/index.php\/wp-json\/wp\/v2\/users\/1"}],"replies":[{"embeddable":true,"href":"https:\/\/portalr3.online\/index.php\/wp-json\/wp\/v2\/comments?post=6346"}],"version-history":[{"count":0,"href":"https:\/\/portalr3.online\/index.php\/wp-json\/wp\/v2\/posts\/6346\/revisions"}],"wp:featuredmedia":[{"embeddable":true,"href":"https:\/\/portalr3.online\/index.php\/wp-json\/"}],"wp:attachment":[{"href":"https:\/\/portalr3.online\/index.php\/wp-json\/wp\/v2\/media?parent=6346"}],"wp:term":[{"taxonomy":"category","embeddable":true,"href":"https:\/\/portalr3.online\/index.php\/wp-json\/wp\/v2\/categories?post=6346"},{"taxonomy":"post_tag","embeddable":true,"href":"https:\/\/portalr3.online\/index.php\/wp-json\/wp\/v2\/tags?post=6346"}],"curies":[{"name":"wp","href":"https:\/\/api.w.org\/{rel}","templated":true}]}}