{"id":6336,"date":"2021-05-04T16:38:43","date_gmt":"2021-05-04T19:38:43","guid":{"rendered":"https:\/\/portalnarede.com.br\/?p=6336"},"modified":"2021-05-04T16:38:43","modified_gmt":"2021-05-04T19:38:43","slug":"jovem-invade-escola-e-mata-tres-criancas-e-duas-funcionarias-no-oeste-de-sc","status":"publish","type":"post","link":"https:\/\/portalr3.online\/index.php\/2021\/05\/04\/jovem-invade-escola-e-mata-tres-criancas-e-duas-funcionarias-no-oeste-de-sc\/","title":{"rendered":"Jovem invade escola e mata tr\u00eas crian\u00e7as e duas funcion\u00e1rias no Oeste de SC"},"content":{"rendered":"\n<p>Com informa\u00e7\u00f5es e foto: G1 SC e NSC<\/p>\n\n\n\n<p>Tr\u00eas crian\u00e7as e duas funcion\u00e1rias de uma escola infantil de Saudades, no Oeste de Santa Catarina, morreram ap\u00f3s um ataque \u00e0 faca nesta ter\u00e7a-feira (4). O assassino, um jovem de 18 anos, deu golpes contra o pr\u00f3prio corpo e foi levado em estado grav\u00edssimo para um hospital da regi\u00e3o ap\u00f3s o crime.<\/p>\n\n\n\n<p>O delegado regional de Chapec\u00f3, Ricardo Newton Casagrande, afirmou que o jovem entrou no local e atingiu as v\u00edtimas com um fac\u00e3o.<\/p>\n\n\n\n<p>O que se sabe at\u00e9 agora:<\/p>\n\n\n\n<p>Um jovem de 18 anos entrou na escola Aquarela com um fac\u00e3o.<br>A creche fica na cidade de Saudades (SC) e atende crian\u00e7as de 6 meses a 2 anos.<br>O ataque deixou cinco mortos: tr\u00eas crian\u00e7as e duas funcion\u00e1rias.<br>O assassino foi preso e levado a um hospital ap\u00f3s dar golpes contra o pr\u00f3prio corpo.<\/p>\n\n\n\n<p>Keli Adriane Aniecevski, de 30 anos, era professora e dava aulas na unidade havia cerca de 10 anos<br>Mirla Amanda Renner Costa, de 20 anos, era agente educacional na escola<br>Sarah Luiza Mahle Sehn, de 1 ano e 7 meses<br>Murilo Massing, de 1 ano e 9 meses<br>Anna Bela Fernandes de Barros, de 1 ano e 8 meses.<br>A identidade das crian\u00e7as foi confirmada pelo delegado Jer\u00f4nimo Ferreira.<\/p>\n\n\n\n<p>Uma professora da escola, que n\u00e3o estava na unidade no momento do ataque, disse que, segundo relatos, funcion\u00e1rias esconderam os beb\u00eas quando o assassino come\u00e7ou o ataque.<\/p>\n\n\n\n<p>De acordo com o 2\u00ba Batalh\u00e3o da PM de Chapec\u00f3, que prestou apoio \u00e0 ocorr\u00eancia, a corpora\u00e7\u00e3o come\u00e7ou a receber v\u00e1rias liga\u00e7\u00f5es de moradores e funcion\u00e1rios pedindo socorro por volta das 10h35. Segundo os relatos, uma pessoa que entrou na escola estava golpeando alunos e professores com um fac\u00e3o.<\/p>\n\n\n\n<p>A secret\u00e1ria municipal de Educa\u00e7\u00e3o, Gisela Hermann, afirmou que as cenas no local eram de terror.<\/p>\n\n\n\n<p>\u201cChegamos l\u00e1, uma cena de terror. Consegui entrar na escola. Tinha um cara deitado no ch\u00e3o, mas ainda vivo, uma professora morta, uma crian\u00e7a morta tamb\u00e9m. A sala estava fechada, n\u00e3o deixaram a gente entrar.&#8221;<\/p>\n\n\n\n<p>O Corpo de Bombeiros foi ao local para isolar a \u00e1rea. O suspeito tentou suic\u00eddio ap\u00f3s o ataque e precisou ser levado a um hospital de Pinhalzinho.<\/p>\n\n\n\n<p>O munic\u00edpio tem 9,8 mil habitantes e fica a cerca de 70 quil\u00f4metros de Chapec\u00f3, a maior cidade do Oeste catarinense, e a 600 quil\u00f4metros de Florian\u00f3polis.<\/p>\n\n\n\n<p>O que se sabe sobre as v\u00edtimas<br>Uma prima da professora Keli Adriane Aniecevski contou que a v\u00edtima trabalhava na creche h\u00e1 cerca de 10 anos. &#8220;Ela era uma pessoa alegre, sempre disposta, simp\u00e1tica, carism\u00e1tica sempre, ajudando o pr\u00f3ximo quando ela podia. Ent\u00e3o, assim, \u00e9 uma tristeza que eu n\u00e3o sei explicar, eu n\u00e3o tenho explica\u00e7\u00e3o para isso&#8221;, disse Silvane Elfel.<\/p>\n\n\n\n<p>J\u00e1 Mirla Renner era agente educacional na creche. De acordo com o assessor jur\u00eddico de Saudades, Luiz Fernando Kreutz, ela chegou a ser levada ao hospital, mas n\u00e3o resistiu.<\/p>\n\n\n\n<p>Repercuss\u00e3o<br>A governadora do estado, Daniela Reinehr, decretou luto oficial de tr\u00eas dias.<\/p>\n\n\n\n<p>&#8220;Manifesto profunda tristeza e presto minha solidariedade. Determinei que o Governo d\u00ea todo o amparo necess\u00e1rio \u00e0s fam\u00edlias&#8221;, escreveu a governadora em uma rede social.<\/p>\n\n\n\n<p>O prefeito da cidade, Maciel Schneider, afirmou que todas as aulas foram canceladas nesta semana.<\/p>\n\n\n\n<p>\u201c\u00c9 um momento muito triste na nossa pequena cidade. Colocamos todas nossas equipes para dar esse apoio, decretamos luto oficial, cancelamos todas as aulas essa semana. Colocamos nossas equipes de sa\u00fade [a disposi\u00e7\u00e3o], psic\u00f3logos est\u00e3o acompanhando as fam\u00edlias&#8221;, afirmou.<\/p>\n\n\n\n<p>&#8220;A gente nem sabe muito como agir. Tamb\u00e9m sou um gestor de primeiro mandato, de 35 anos, tamb\u00e9m tenho filho pequeno. Come\u00e7a a passar um filme na cabe\u00e7a da gente.&#8221;<\/p>\n","protected":false},"excerpt":{"rendered":"<p>Com informa\u00e7\u00f5es e foto: G1 SC e NSC Tr\u00eas crian\u00e7as e duas funcion\u00e1rias de uma escola infantil de Saudades, no<\/p>\n","protected":false},"author":1,"featured_media":6337,"comment_status":"open","ping_status":"open","sticky":false,"template":"","format":"standard","meta":{"colormag_page_container_layout":"default_layout","colormag_page_sidebar_layout":"default_layout","footnotes":""},"categories":[107],"tags":[101,228,229,230,231],"class_list":["post-6336","post","type-post","status-publish","format-standard","has-post-thumbnail","hentry","category-brasil","tag-assassinato","tag-creche","tag-santa-catarina","tag-tragedia","tag-violencia-2"],"aioseo_notices":[],"_links":{"self":[{"href":"https:\/\/portalr3.online\/index.php\/wp-json\/wp\/v2\/posts\/6336","targetHints":{"allow":["GET"]}}],"collection":[{"href":"https:\/\/portalr3.online\/index.php\/wp-json\/wp\/v2\/posts"}],"about":[{"href":"https:\/\/portalr3.online\/index.php\/wp-json\/wp\/v2\/types\/post"}],"author":[{"embeddable":true,"href":"https:\/\/portalr3.online\/index.php\/wp-json\/wp\/v2\/users\/1"}],"replies":[{"embeddable":true,"href":"https:\/\/portalr3.online\/index.php\/wp-json\/wp\/v2\/comments?post=6336"}],"version-history":[{"count":0,"href":"https:\/\/portalr3.online\/index.php\/wp-json\/wp\/v2\/posts\/6336\/revisions"}],"wp:featuredmedia":[{"embeddable":true,"href":"https:\/\/portalr3.online\/index.php\/wp-json\/wp\/v2\/media\/6337"}],"wp:attachment":[{"href":"https:\/\/portalr3.online\/index.php\/wp-json\/wp\/v2\/media?parent=6336"}],"wp:term":[{"taxonomy":"category","embeddable":true,"href":"https:\/\/portalr3.online\/index.php\/wp-json\/wp\/v2\/categories?post=6336"},{"taxonomy":"post_tag","embeddable":true,"href":"https:\/\/portalr3.online\/index.php\/wp-json\/wp\/v2\/tags?post=6336"}],"curies":[{"name":"wp","href":"https:\/\/api.w.org\/{rel}","templated":true}]}}