{"id":6321,"date":"2021-05-04T13:46:40","date_gmt":"2021-05-04T16:46:40","guid":{"rendered":"https:\/\/portalnarede.com.br\/?p=6321"},"modified":"2021-05-04T13:46:40","modified_gmt":"2021-05-04T16:46:40","slug":"jequia-da-praia-colisao-entre-caminhoes-na-br-101-deixa-vitima-presa-as-ferragens","status":"publish","type":"post","link":"https:\/\/portalr3.online\/index.php\/2021\/05\/04\/jequia-da-praia-colisao-entre-caminhoes-na-br-101-deixa-vitima-presa-as-ferragens\/","title":{"rendered":"Jequi\u00e1 da Praia: Colis\u00e3o entre caminh\u00f5es na BR-101 deixa v\u00edtima presa \u00e0s ferragens"},"content":{"rendered":"\n<p>*Foto: PRF<\/p>\n\n\n\n<p>Um acidentes registrado nessa ter\u00e7a-feira (04), envolvendo dois caminh\u00f5es deixou uma v\u00edtima presa \u00e0s ferragens e interditou uma faixa da rodovia BR-101, no km 149, no trecho do munic\u00edpio de Jequi\u00e1 da Praia.<\/p>\n\n\n\n<p>Segundo informa\u00e7\u00f5es da Pol\u00edcia Rodovi\u00e1ria Federal, equipes do Corpo de Bombeiros e Servi\u00e7o de Atendimento M\u00f3vel de Urg\u00eancia foram acionados para o resgate e socorro da v\u00edtima que ficou presa \u00e0s ferragens. N\u00e3o h\u00e1 informa\u00e7\u00f5es sobre o estado de sa\u00fade.<\/p>\n\n\n\n<p>Ainda de acordo com a PRF, por causa da colis\u00e3o entre os caminh\u00f5es e o resgate da v\u00edtima, a rodovia foi interditada no sentido crescente.<\/p>\n\n\n\n<p>A rodovia j\u00e1 foi liberada.<\/p>\n","protected":false},"excerpt":{"rendered":"<p>*Foto: PRF Um acidentes registrado nessa ter\u00e7a-feira (04), envolvendo dois caminh\u00f5es deixou uma v\u00edtima presa \u00e0s ferragens e interditou uma<\/p>\n","protected":false},"author":1,"featured_media":6325,"comment_status":"open","ping_status":"open","sticky":false,"template":"","format":"standard","meta":{"colormag_page_container_layout":"default_layout","colormag_page_sidebar_layout":"default_layout","footnotes":""},"categories":[22],"tags":[218,55,219,220,221,222],"class_list":["post-6321","post","type-post","status-publish","format-standard","has-post-thumbnail","hentry","category-cidades","tag-caminhoes","tag-colisao","tag-ferragens","tag-jequia-da-praia","tag-rodovia","tag-vitima"],"aioseo_notices":[],"_links":{"self":[{"href":"https:\/\/portalr3.online\/index.php\/wp-json\/wp\/v2\/posts\/6321","targetHints":{"allow":["GET"]}}],"collection":[{"href":"https:\/\/portalr3.online\/index.php\/wp-json\/wp\/v2\/posts"}],"about":[{"href":"https:\/\/portalr3.online\/index.php\/wp-json\/wp\/v2\/types\/post"}],"author":[{"embeddable":true,"href":"https:\/\/portalr3.online\/index.php\/wp-json\/wp\/v2\/users\/1"}],"replies":[{"embeddable":true,"href":"https:\/\/portalr3.online\/index.php\/wp-json\/wp\/v2\/comments?post=6321"}],"version-history":[{"count":0,"href":"https:\/\/portalr3.online\/index.php\/wp-json\/wp\/v2\/posts\/6321\/revisions"}],"wp:featuredmedia":[{"embeddable":true,"href":"https:\/\/portalr3.online\/index.php\/wp-json\/wp\/v2\/media\/6325"}],"wp:attachment":[{"href":"https:\/\/portalr3.online\/index.php\/wp-json\/wp\/v2\/media?parent=6321"}],"wp:term":[{"taxonomy":"category","embeddable":true,"href":"https:\/\/portalr3.online\/index.php\/wp-json\/wp\/v2\/categories?post=6321"},{"taxonomy":"post_tag","embeddable":true,"href":"https:\/\/portalr3.online\/index.php\/wp-json\/wp\/v2\/tags?post=6321"}],"curies":[{"name":"wp","href":"https:\/\/api.w.org\/{rel}","templated":true}]}}