{"id":632,"date":"2021-04-21T12:42:22","date_gmt":"2021-04-21T15:42:22","guid":{"rendered":"https:\/\/redacaolivre.com\/?p=632"},"modified":"2021-04-21T12:42:22","modified_gmt":"2021-04-21T15:42:22","slug":"no-brasil-mais-de-1-milhao-de-cirurgias-eletivas-foram-adiadas-em-2020","status":"publish","type":"post","link":"https:\/\/portalr3.online\/index.php\/2021\/04\/21\/no-brasil-mais-de-1-milhao-de-cirurgias-eletivas-foram-adiadas-em-2020\/","title":{"rendered":"No Brasil, mais de 1 milh\u00e3o de cirurgias eletivas foram adiadas em 2020"},"content":{"rendered":"\n<p>A Associa\u00e7\u00e3o Brasileira de Importadores e Distribuidores de Produtos para a Sa\u00fade (Abraidi), atrav\u00e9s da\u00a0<strong>4\u00aa edi\u00e7\u00e3o do Anu\u00e1rio<\/strong>, evidenciou no dia 15 de abril os impactos da pandemia em diversos setores da sa\u00fade, denunciando que no Brasil cerca de 1,3 milh\u00e3o de cirurgias eletivas deixaram de ser realizadas<\/p>\n\n\n\n<p>\u201cPara disponibilizar leitos aos pacientes de covid-19, o sistema p\u00fablico deixou de realizar 1,3 milh\u00e3o de cirurgias eletivas em 2020, conforme o Datasus\u201d, afirmou a Abraidi em seu anu\u00e1rio.<\/p>\n\n\n\n<p>Diversos estados brasileiros, al\u00e9m de determinarem lockdowns, tamb\u00e9m proibiram a realiza\u00e7\u00e3o de quaisquer cirurgias eletivas e outros tratamentos de sa\u00fade em 2020, medidas readotadas em 2021.<\/p>\n\n\n\n<p>\u201cDurante a fase mais aguda da primeira onda da pandemia, entre os meses de mar\u00e7o e maio de 2020, uma parcela bastante significativa dos associados praticamente paralisou suas atividades, em raz\u00e3o da suspens\u00e3o, do cancelamento ou do adiamento de cirurgias eletivas. Essa situa\u00e7\u00e3o levou muitas empresas a rever suas opera\u00e7\u00f5es e promover mudan\u00e7as para se manterem vivas\u201d, pontuou a Associa\u00e7\u00e3o Brasileira de Importadores e Distribuidores de Produtos para a Sa\u00fade.<\/p>\n\n\n\n<p>Muitos dos associados da&nbsp;Abraidi t\u00eam sido diretamente afetados pelas medidas de governadores e prefeitos, al\u00e9m dos pacientes que continuam nas filas de espera do SUS.<\/p>\n\n\n\n<p>\u201cA dissemina\u00e7\u00e3o da Covid-19 e os lockdowns impostos por diversos pa\u00edses afetaram a cadeia de suprimentos no mundo todo\u201d, argumentou a entidade.<\/p>\n\n\n\n<p>A Abraidi \u00e9 uma das primeiras associa\u00e7\u00f5es a declarar abertamente o balan\u00e7o do impacto de algumas medidas adotadas no Brasil para o setor que abrange.<\/p>\n\n\n\n<p>\u201cO cancelamento, a suspens\u00e3o ou o adiamento de cirurgias eletivas em 2020 por receio de contamina\u00e7\u00e3o por covid-19 causou um \u2018encolhimento\u2019 do mercado de dispositivos m\u00e9dicos implant\u00e1veis, materiais e equipamentos de apoio no Brasil, que passou de US$ 2,8 bilh\u00f5es em 2019 para US$ 2,1 bilh\u00f5es em 2020. O resultado representou uma contra\u00e7\u00e3o de 26% no setor, resultante da queda de 22,2% na produ\u00e7\u00e3o dom\u00e9stica e de 29,5% nas importa\u00e7\u00f5es.\u201d<\/p>\n\n\n\n<p>Al\u00e9m de afetar o mercado interno do setor de importadores e distribuidores de produtos para a sa\u00fade, as medidas afetam tamb\u00e9m a participa\u00e7\u00e3o do Brasil no mercado mundial. Que em 2019 foi de quase 3% de influ\u00eancia no total do mercado global de dispositivos m\u00e9dicos implant\u00e1veis.<\/p>\n\n\n\n<p>Durante o\u00a0<strong>Boletim da Manh\u00e3<\/strong>\u00a0desta ter\u00e7a-feira (20) os analistas pol\u00edticos do Ter\u00e7a Livre comentaram sobre o assunto.<\/p>\n\n\n\n<p>\u201cDe in\u00edcio eu gostaria de fazer uma conceitua\u00e7\u00e3o. O que \u00e9 uma cirurgia eletiva? \u00c9 aquela cirurgia que pode ser adiada por at\u00e9 um ano, a princ\u00edpio, sem graves preju\u00edzos ao paciente. No entanto, por que existe essa marca de um ano? Porque, passando esse ano, j\u00e1 come\u00e7a a ter graves preju\u00edzos ao paciente. N\u00e3o \u00e9, por exemplo, uma cirurgia est\u00e9tica, como uma cirurgia pl\u00e1stica, n\u00e3o. S\u00e3o cirurgias que implicam impactos na sa\u00fade da pessoa e que est\u00e3o sendo adiadas ou canceladas\u201d, esclareceu o jornalista Italo Lorenzon durante o programa.<\/p>\n\n\n\n<p>\u201cEu tenho dois casos na fam\u00edlia \u2013 estou falando do meu testemunho pessoal \u2013 de pessoas que vieram a falecer porque n\u00e3o tiveram tempo de fazer o tratamento (\u2026) Quantos casos como esses aconteceram no Brasil?\u201d, questionou.<\/p>\n\n\n\n<p>At\u00e9 o momento, dados sobre o registro de mortes de pacientes, direta e indiretamente, ligadas as suspens\u00f5es dos procedimentos eletivos e outros tratamentos, n\u00e3o foram levantados no Brasil.<\/p>\n\n\n\n<p>Em sua an\u00e1lise, Lorenzon ainda evidenciou os impactos dos cancelamentos de procedimentos m\u00e9dicos na qualidade de vida dos cidad\u00e3os.<\/p>\n","protected":false},"excerpt":{"rendered":"<p>A Associa\u00e7\u00e3o Brasileira de Importadores e Distribuidores de Produtos para a Sa\u00fade (Abraidi), atrav\u00e9s da\u00a04\u00aa edi\u00e7\u00e3o do Anu\u00e1rio, evidenciou no<\/p>\n","protected":false},"author":1,"featured_media":633,"comment_status":"closed","ping_status":"closed","sticky":false,"template":"","format":"standard","meta":{"colormag_page_container_layout":"default_layout","colormag_page_sidebar_layout":"default_layout","footnotes":""},"categories":[28],"tags":[],"class_list":["post-632","post","type-post","status-publish","format-standard","has-post-thumbnail","hentry","category-saude"],"aioseo_notices":[],"_links":{"self":[{"href":"https:\/\/portalr3.online\/index.php\/wp-json\/wp\/v2\/posts\/632","targetHints":{"allow":["GET"]}}],"collection":[{"href":"https:\/\/portalr3.online\/index.php\/wp-json\/wp\/v2\/posts"}],"about":[{"href":"https:\/\/portalr3.online\/index.php\/wp-json\/wp\/v2\/types\/post"}],"author":[{"embeddable":true,"href":"https:\/\/portalr3.online\/index.php\/wp-json\/wp\/v2\/users\/1"}],"replies":[{"embeddable":true,"href":"https:\/\/portalr3.online\/index.php\/wp-json\/wp\/v2\/comments?post=632"}],"version-history":[{"count":0,"href":"https:\/\/portalr3.online\/index.php\/wp-json\/wp\/v2\/posts\/632\/revisions"}],"wp:featuredmedia":[{"embeddable":true,"href":"https:\/\/portalr3.online\/index.php\/wp-json\/wp\/v2\/media\/633"}],"wp:attachment":[{"href":"https:\/\/portalr3.online\/index.php\/wp-json\/wp\/v2\/media?parent=632"}],"wp:term":[{"taxonomy":"category","embeddable":true,"href":"https:\/\/portalr3.online\/index.php\/wp-json\/wp\/v2\/categories?post=632"},{"taxonomy":"post_tag","embeddable":true,"href":"https:\/\/portalr3.online\/index.php\/wp-json\/wp\/v2\/tags?post=632"}],"curies":[{"name":"wp","href":"https:\/\/api.w.org\/{rel}","templated":true}]}}