{"id":6315,"date":"2021-05-04T12:05:51","date_gmt":"2021-05-04T15:05:51","guid":{"rendered":"https:\/\/portalnarede.com.br\/?p=6315"},"modified":"2021-05-04T12:05:51","modified_gmt":"2021-05-04T15:05:51","slug":"regina-case-posa-com-os-filhos-e-diz-que-benedita-foi-cobaia-para-criar-roque","status":"publish","type":"post","link":"https:\/\/portalr3.online\/index.php\/2021\/05\/04\/regina-case-posa-com-os-filhos-e-diz-que-benedita-foi-cobaia-para-criar-roque\/","title":{"rendered":"Regina Cas\u00e9 posa com os filhos e diz que Benedita foi &#8216;cobaia&#8217; para criar Roque"},"content":{"rendered":"\n<p>Com informa\u00e7\u00f5es: O Globo \/ Foto: Divulga\u00e7\u00e3o<\/p>\n\n\n\n<p>Depois do sucesso da personagem Lurdes em &#8220;Amor de m\u00e3e&#8221;, Regina Cas\u00e9 ataca como manequim. Dirigida pela filha Benedita e atuando ao lado do ca\u00e7ula Roque, a estrela, de 67 anos, mostra desenvoltura, naturalidade e for\u00e7a. &#8220;Dizem que toda top quer ser atriz, eu como atriz, morro de vergonha de ser modelo. Mas n\u00e3o fiquei acanhada pois estava em fam\u00edlia&#8221;, conta.<\/p>\n\n\n\n<p>Regina frisa que sempre adorou moda, ferramenta importante para quem atua. &#8216;O pessoal fala que tenho mais amigos no meio do que na m\u00fasica, teatro ou cinema. Acho que \u00e9 uma maneira de se expressar e desde pequena entendi que era muito potente e gostava de inventar minhas roupas. E eu tinha uma tia, a Julinha, que tinha uma m\u00e1quina de costura de pedal, que guardo at\u00e9 hoje. Ela fazia todas as minhas loucuras. Eu idealizava minhas maluquices e ela colocava em pratica.&#8221;<\/p>\n\n\n\n<p>F\u00e3 do estilista belga Dries van Noten, ela afirma que nunca se importou com marca. Seu alvo sempre foi o estilo, o produto. &#8220;O trabalho de&nbsp;Dries, por exemplo,&nbsp;me lembra muito o artesanato indiano, que eu&nbsp;&nbsp;sou apaixonada&#8221;, observa a atriz, que est\u00e1 na campanha de Dias das M\u00e3es da grife de cal\u00e7ados e acess\u00f3rios Reserva Go.<\/p>\n\n\n\n<p>A seguir, Regina fala sobre a rela\u00e7\u00e3o com os filhos, seu lado av\u00f3 e se far\u00e1 outra novela logo.<\/p>\n\n\n\n<h2 class=\"wp-block-heading\">Como \u00e9 sua rela\u00e7\u00e3o com os filhos?<\/h2>\n\n\n\n<p>Acho que eu estou sendo uma m\u00e3e melhor para o Roque. T\u00e3o mais calma que eu fico mais relaxada, deixo ele mais solto. J\u00e1 a Benedita n\u00e3o&#8230; achava que tudo tinha que ser perfeito, seguir aqueles livros de maternidade. Acho que a Benedita, tadinha, foi cobaia para eu criar o Roque (risos).<\/p>\n\n\n\n<h2 class=\"wp-block-heading\">Que tipo de av\u00f3 voc\u00ea \u00e9?<\/h2>\n\n\n\n<p>N\u00e3o posso dar mole para o Br\u00e1s (filho de Benedita) por causa do Roque. Queria deixar o Br\u00e1s fazer o que ele quisesse, mas n\u00e3o posso por causa do Roque, tenho que colocar mais limite.<\/p>\n\n\n\n<h2 class=\"wp-block-heading\">Como est\u00e1 a vida p\u00f3s \u201cAmor de m\u00e3e\u201d? Voc\u00ea desapega r\u00e1pido das personagens ou fica revivendo a hist\u00f3ria?<\/h2>\n\n\n\n<p>Ah, estou com muita saudade de \u201cAmor de M\u00e3e\u201d. Morro de saudade da Lurdes, um personagem t\u00e3o lindo, que me tomou tanto. Eu sinto saudade mesmo, como pessoa mesmo, algu\u00e9m por quem eu tinha muito carinho e tive que me afastar.<\/p>\n\n\n\n<h2 class=\"wp-block-heading\">Quando iremos te rever numa novela? Ficou animada novamente depois do enorme sucesso de \u201cAmor de m\u00e3e\u201d ou voltar\u00e1 para a linha de show? Qual \u00e9 o plano?<\/h2>\n\n\n\n<p>Acho lindo a vida de atriz, sublinhando acertos, assistir \u00e0 novela junto com o Twitter, acompanhar a emo\u00e7\u00e3o das pessoas. E acho lindo o meu reconhecimento como atriz, seja em filme com \u201cQue horas ela volta\u201d ou em novela, \u00e9 t\u00e3o caloroso, t\u00e3o gostoso, que eu quero continuar como atriz! \u00c9 engra\u00e7ado, porque para mim parecia que faziam dois anos que eu n\u00e3o atuava, mas quando fui ver eram quase 20.<\/p>\n","protected":false},"excerpt":{"rendered":"<p>Com informa\u00e7\u00f5es: O Globo \/ Foto: Divulga\u00e7\u00e3o Depois do sucesso da personagem Lurdes em &#8220;Amor de m\u00e3e&#8221;, Regina Cas\u00e9 ataca<\/p>\n","protected":false},"author":1,"featured_media":6316,"comment_status":"open","ping_status":"open","sticky":false,"template":"","format":"standard","meta":{"colormag_page_container_layout":"default_layout","colormag_page_sidebar_layout":"default_layout","footnotes":""},"categories":[129],"tags":[213,209,214,215,216],"class_list":["post-6315","post","type-post","status-publish","format-standard","has-post-thumbnail","hentry","category-estilo","tag-amor-de-mae","tag-atriz","tag-familia","tag-filhos","tag-regina-case"],"aioseo_notices":[],"_links":{"self":[{"href":"https:\/\/portalr3.online\/index.php\/wp-json\/wp\/v2\/posts\/6315","targetHints":{"allow":["GET"]}}],"collection":[{"href":"https:\/\/portalr3.online\/index.php\/wp-json\/wp\/v2\/posts"}],"about":[{"href":"https:\/\/portalr3.online\/index.php\/wp-json\/wp\/v2\/types\/post"}],"author":[{"embeddable":true,"href":"https:\/\/portalr3.online\/index.php\/wp-json\/wp\/v2\/users\/1"}],"replies":[{"embeddable":true,"href":"https:\/\/portalr3.online\/index.php\/wp-json\/wp\/v2\/comments?post=6315"}],"version-history":[{"count":0,"href":"https:\/\/portalr3.online\/index.php\/wp-json\/wp\/v2\/posts\/6315\/revisions"}],"wp:featuredmedia":[{"embeddable":true,"href":"https:\/\/portalr3.online\/index.php\/wp-json\/wp\/v2\/media\/6316"}],"wp:attachment":[{"href":"https:\/\/portalr3.online\/index.php\/wp-json\/wp\/v2\/media?parent=6315"}],"wp:term":[{"taxonomy":"category","embeddable":true,"href":"https:\/\/portalr3.online\/index.php\/wp-json\/wp\/v2\/categories?post=6315"},{"taxonomy":"post_tag","embeddable":true,"href":"https:\/\/portalr3.online\/index.php\/wp-json\/wp\/v2\/tags?post=6315"}],"curies":[{"name":"wp","href":"https:\/\/api.w.org\/{rel}","templated":true}]}}