{"id":6312,"date":"2021-05-04T11:51:16","date_gmt":"2021-05-04T14:51:16","guid":{"rendered":"https:\/\/portalnarede.com.br\/?p=6312"},"modified":"2021-05-04T11:51:16","modified_gmt":"2021-05-04T14:51:16","slug":"solteira-maite-proenca-desabafa-me-sinto-so-mas-dou-meu-jeito","status":"publish","type":"post","link":"https:\/\/portalr3.online\/index.php\/2021\/05\/04\/solteira-maite-proenca-desabafa-me-sinto-so-mas-dou-meu-jeito\/","title":{"rendered":"Solteira, Mait\u00ea Proen\u00e7a desabafa: &#8216;Me sinto s\u00f3, mas dou meu jeito&#8217;"},"content":{"rendered":"\n<p>Com informa\u00e7\u00f5es: Quem \/ Foto: Divulga\u00e7\u00e3o<\/p>\n\n\n\n<p><a href=\"http:\/\/revistaquem.globo.com\/QUEM-News\/noticia\/2017\/10\/maite-proenca-nao-preciso-de-muito-conforto.html\" target=\"_blank\" rel=\"noreferrer noopener\"><strong>Mait\u00ea Proen\u00e7a\u00a0<\/strong><\/a> n\u00e3o teve receio de revistar seus trope\u00e7os e erros desde a inf\u00e2ncia at\u00e9 os dias de hoje para escrever a pe\u00e7a autoral\u00a0<em>O Pior de Mim<\/em>. O espet\u00e1culo, com dire\u00e7\u00e3o de\u00a0<strong>Rodrigo Portella<\/strong>, surgiu justamente para fazer um contraponto a este atual momento em que as pessoas querem imprimir uma vida perfeita e cancelam quem n\u00e3o trilha o mesmo caminho ou comete erros.<\/p>\n\n\n\n<p>\u201cTodos s\u00e3o bem-sucedidos, ricamente vestidos e seguros de si, sempre politicamente corretos, jamais fazem uma contradi\u00e7\u00e3o, rodeados de amigos&#8230;\u202f As fam\u00edlias s\u00e3o coloridas, risonhas e est\u00e3o sempre em harmonia. Ningu\u00e9m \u00e9 solit\u00e1rio! Resolvi mostrar onde errei terrivelmente, onde fiquei infeliz, insegura e triste, onde me machuquei e porque, onde fui desagrad\u00e1vel sem sequer perceber&#8230; Nunca \u00e9 f\u00e1cil olhar pra dentro e lidar de verdade com o que est\u00e1 ali.\u202f Mas \u00e9 a \u00fanica forma da gente se transformar e seguir adiante.\u202fCaso contr\u00e1rio, a vida vira um apontar de dedos, numa repeti\u00e7\u00e3o sem fim\u201d, explica ela, sobre o espet\u00e1culo, que est\u00e1 em cartaz at\u00e9 o final de maio na plataforma Sympla.<\/p>\n\n\n\n<p>Isso n\u00e3o isenta a atriz de tamb\u00e9m usar seus filtros nas redes sociais. Em seu Instagram, no qual \u00e9 seguida por mais de meio milh\u00e3o de pessoas, Mait\u00ea assume ser adepta dos mais leves. Aos 63 anos, ela confessa que n\u00e3o gosta das marcas de idade e que tenta reverter o envelhecimento com princ\u00edpios da medicina ayurveda, que tem como foco a harmonia entre corpo, mente e alma.<\/p>\n\n\n\n<p>\u201cMuitas vezes uso filtros simples que suavizam, mas n\u00e3o subtraem. H\u00e1 quem diga que a beleza \u00e9 fabricada, artificial.\u202fEu mesma n\u00e3o gosto muito das marcas da idade, nem das consequ\u00eancias dos acidentes de carro, cavalo, bicicleta, e outros tantos que me causam dores\u202fpelo corpo.\u202f Eu me trato com ayurveda e muitas vezes sinto que estou desacelerando o processo ou andando no sentido contr\u00e1rio.\u202fQuando estou muito aplicada, \u00e9 impressionante ver o brilho que a sa\u00fade mente-corpo-esp\u00edrito pode trazer, revertendo mesmo o processo do envelhecimento.\u202f E isso \u00e9 o que ficar\u00e1 para al\u00e9m das rugas inevit\u00e1veis.\u202fSeguirei nesse caminho, independentemente do que digam as pessoas de \u00edndole ruim.\u201d<\/p>\n\n\n\n<p>\u00c9 desta forma que ela consegue manter a mente s\u00e3 mesmo nos per\u00edodos de mais solid\u00e3o, como este da pandemia. O bom humor tamb\u00e9m torna tudo mais leve. Solteira, recentemente Mait\u00ea at\u00e9 brincou em sua rede social que procurava por um homem que soubesse velejar.<\/p>\n\n\n\n<p>\u201cNenhum dos candidatos sabia velejar (risos). Me sinto solit\u00e1ria mas vou dando meu jeito. Busco os ensinamentos dos s\u00e1bios, tento praticar o que eles ensinam, respiro, me movimento, fa\u00e7o exerc\u00edcios, ioga, alongamento, me alimento com sensatez&#8230;\u202fTento me entender com quem quero bem, fujo da disc\u00f3rdia &#8211; antes eu gostava -, leio, dan\u00e7o, canto mesmo sem saber a letra.\u202f E quando mesmo assim tudo vai mal, penso, \u2018E da\u00ed?\u2019. Uma hora passa\u201d, conta.<\/p>\n\n\n\n<p><strong>Quais foram os desafios de produzir um espet\u00e1culo na pandemia e depois de apresentar um mon\u00f3logo online sem a plateia?<\/strong><br>O mais dif\u00edcil foi ensaiar pelo computador com um diretor que estava no interior de Alagoas, com uma internet capenga, e eu da sala da minha casa com um texto in\u00e9dito que seria apresentado no palco de um teatro vazio.\u202fMas a plateia sem ningu\u00e9m foi complicado.\u202fHouve um per\u00edodo em que autorizaram com p\u00fablico reduzido, e aquilo mudou completamente o espet\u00e1culo, de um dia pro outro.\u202fA presen\u00e7a do p\u00fablico, realmente \u00e9 fundamental.<\/p>\n\n\n\n<p><strong>No texto voc\u00ea divide um epis\u00f3dio muito triste na sua vida, ao falar do assassinato de sua m\u00e3e pelo seu pai. Como esse momento te impactou na sua rela\u00e7\u00e3o com o mundo e com o amor?<\/strong><br>Eu n\u00e3o destrincho nenhum epis\u00f3dio tr\u00e1gico, quem faz isso a toda hora \u00e9 a imprensa, eu nem preciso. Na pe\u00e7a passo por esses acontecimentos pra explicar as emo\u00e7\u00f5es, as dores e armadilhas que os traumas constroem pelo caminho.\u202fE de como a gente passa a vida se defendendo com escudos, como a gente se recusa a olhar, como se rodeia de desculpas e adoece por isso.\u202f Falo de mim pra falar de todos n\u00f3s, porque nos mecanismos de defesa, somos todos muito parecidos.\u202fE mostro como foi transformador na hora em que consegui, finalmente, depois de d\u00e9cadas, fazer diferente.\u202fComo a vida ficou mais verdadeira, e por isso, mais leve.<\/p>\n\n\n\n<p><strong>Quais s\u00e3o suas crises e inseguran\u00e7as pessoais aos 63 anos?<\/strong><br>Voc\u00ea vai precisar ver a pe\u00e7a pra saber dos meus segredos.\u202fEst\u00e3o todos l\u00e1 escancarados.\u202fA pe\u00e7a est\u00e1 em cartaz online numa vers\u00e3o que fiz este ano de minha casa, mais \u00edntima ainda do que aquela apresentada no palco do Teatro Petra Gold em 2020.<\/p>\n\n\n\n<p><strong>Aprendeu ou descobriu alguma paix\u00e3o nesta pandemia? A que dedica seu tempo livre em casa?<\/strong><br>Paix\u00e3o, n\u00e3o.\u202f Mas entendi que quem tem o privil\u00e9gio de ter um teto, comida e sa\u00fade tem a obriga\u00e7\u00e3o de correr atr\u00e1s da alegria.\u202fTodo mundo j\u00e1 est\u00e1 suficientemente atolado nessa desgra\u00e7a comum da Covid, n\u00e3o precisa ser lembrado a toda hora.\u202f Deixemos isso para os notici\u00e1rios e vamos tentar espalhar bem-estar.\u202f \u00c9 dif\u00edcil, mas com treino, \u00e9 poss\u00edvel.\u202f Parece rom\u00e2ntico, mas n\u00e3o \u00e9!\u202f A alegria tamb\u00e9m contamina.<\/p>\n\n\n\n<p><strong>Voc\u00ea se tornou av\u00f3 na pandemia. Como \u00e9 esta sua vers\u00e3o e como foi a experi\u00eancia de ter algu\u00e9m nascendo em um per\u00edodo de tantas mortes?<\/strong><br>Fiquei preocupada na gravidez, mas confiei nas escolhas que Maria e seu marido fizeram.\u202fFelizmente, Manuela e Maria atravessaram o parto com sa\u00fade e se mant\u00eam assim.\u202fMas estamos todos muito isolados em fun\u00e7\u00e3o disso tudo tamb\u00e9m. \u00c9 uma imposi\u00e7\u00e3o dos tempos, n\u00e3o h\u00e1 o que fazer. \u202f<\/p>\n\n\n\n<p><strong>A pandemia tem levado muitas pessoas queridas, colegas, amigos&#8230; Como \u00e9 a sua rela\u00e7\u00e3o com a morte? Teve medo ou ainda tem?<\/strong><br>Fico indignada porque n\u00e3o precisaria ser assim.\u202f Estamos no pa\u00eds mais mal administrado do mundo, com o volante na m\u00e3o de um homem doente, insens\u00edvel e maldoso.\u202fN\u00e3o tenho medo da morte, mas sinto horror em ver tanta gente sofrendo com o descaso.<strong>O que deseja para o seu futuro?<\/strong><br>Paz, criatividade, entusiasmo, amigos e sa\u00fade pra ver minha filha, netas e netos crescerem.<\/p>\n","protected":false},"excerpt":{"rendered":"<p>Com informa\u00e7\u00f5es: Quem \/ Foto: Divulga\u00e7\u00e3o Mait\u00ea Proen\u00e7a\u00a0 n\u00e3o teve receio de revistar seus trope\u00e7os e erros desde a inf\u00e2ncia<\/p>\n","protected":false},"author":1,"featured_media":6313,"comment_status":"open","ping_status":"open","sticky":false,"template":"","format":"standard","meta":{"colormag_page_container_layout":"default_layout","colormag_page_sidebar_layout":"default_layout","footnotes":""},"categories":[129],"tags":[209,210,211,212],"class_list":["post-6312","post","type-post","status-publish","format-standard","has-post-thumbnail","hentry","category-estilo","tag-atriz","tag-bem-estar","tag-maite-proenca","tag-solidao"],"aioseo_notices":[],"_links":{"self":[{"href":"https:\/\/portalr3.online\/index.php\/wp-json\/wp\/v2\/posts\/6312","targetHints":{"allow":["GET"]}}],"collection":[{"href":"https:\/\/portalr3.online\/index.php\/wp-json\/wp\/v2\/posts"}],"about":[{"href":"https:\/\/portalr3.online\/index.php\/wp-json\/wp\/v2\/types\/post"}],"author":[{"embeddable":true,"href":"https:\/\/portalr3.online\/index.php\/wp-json\/wp\/v2\/users\/1"}],"replies":[{"embeddable":true,"href":"https:\/\/portalr3.online\/index.php\/wp-json\/wp\/v2\/comments?post=6312"}],"version-history":[{"count":0,"href":"https:\/\/portalr3.online\/index.php\/wp-json\/wp\/v2\/posts\/6312\/revisions"}],"wp:featuredmedia":[{"embeddable":true,"href":"https:\/\/portalr3.online\/index.php\/wp-json\/wp\/v2\/media\/6313"}],"wp:attachment":[{"href":"https:\/\/portalr3.online\/index.php\/wp-json\/wp\/v2\/media?parent=6312"}],"wp:term":[{"taxonomy":"category","embeddable":true,"href":"https:\/\/portalr3.online\/index.php\/wp-json\/wp\/v2\/categories?post=6312"},{"taxonomy":"post_tag","embeddable":true,"href":"https:\/\/portalr3.online\/index.php\/wp-json\/wp\/v2\/tags?post=6312"}],"curies":[{"name":"wp","href":"https:\/\/api.w.org\/{rel}","templated":true}]}}