{"id":6306,"date":"2021-05-04T10:44:02","date_gmt":"2021-05-04T13:44:02","guid":{"rendered":"https:\/\/portalnarede.com.br\/?p=6306"},"modified":"2021-05-04T10:44:02","modified_gmt":"2021-05-04T13:44:02","slug":"homem-e-atacado-com-golpes-de-faca-e-acaba-morrendo-no-feitosa","status":"publish","type":"post","link":"https:\/\/portalr3.online\/index.php\/2021\/05\/04\/homem-e-atacado-com-golpes-de-faca-e-acaba-morrendo-no-feitosa\/","title":{"rendered":"Homem \u00e9 atacado com golpes de faca e acaba morrendo no Feitosa"},"content":{"rendered":"\n<p>Testemunhas relataram \u00e0 pol\u00edcia que a motocicleta da v\u00edtima havia sido roubada antes do crime; ningu\u00e9m foi preso at\u00e9 o momento<\/p>\n\n\n\n<p>Um homem de 52 anos foi atacado com golpes de faca na regi\u00e3o do pesco\u00e7o, n\u00e3o resistiu aos ferimentos e morreu. Fato aconteceu nessa segunda-feira (03), no bairro do Feitosa, em Macei\u00f3. Ningu\u00e9m foi preso.<\/p>\n\n\n\n<p>De acordo com a Pol\u00edcia Militar (PM), acionada para a ocorr\u00eancia, apesar do fato, n\u00e3o h\u00e1, at\u00e9 o momento, informa\u00e7\u00f5es do que teria motivado o crime.<\/p>\n\n\n\n<p>Testemunhas relataram, no entanto, que a motocicleta da v\u00edtima havia sido roubada antes de a mesma ser morta.<\/p>\n\n\n\n<p>Peritos do Instituto de Criminal\u00edstica (IC) e funcion\u00e1rios do Instituto M\u00e9dico Legal (IML) tamb\u00e9m foram acionados ao local, para a per\u00edcia do corpo e o seu recolhimento, respectivamente.<\/p>\n\n\n\n<p>O caso deve ser investigado pelas autoridades policiais de Alagoas.<\/p>\n","protected":false},"excerpt":{"rendered":"<p>Testemunhas relataram \u00e0 pol\u00edcia que a motocicleta da v\u00edtima havia sido roubada antes do crime; ningu\u00e9m foi preso at\u00e9 o<\/p>\n","protected":false},"author":1,"featured_media":6307,"comment_status":"open","ping_status":"open","sticky":false,"template":"","format":"standard","meta":{"colormag_page_container_layout":"default_layout","colormag_page_sidebar_layout":"default_layout","footnotes":""},"categories":[10],"tags":[205,206,207,208],"class_list":["post-6306","post","type-post","status-publish","format-standard","has-post-thumbnail","hentry","category-noticias","tag-feitosa","tag-homem-morto-a-facadas-no-feitosa","tag-morte","tag-morte-no-feitosa"],"aioseo_notices":[],"_links":{"self":[{"href":"https:\/\/portalr3.online\/index.php\/wp-json\/wp\/v2\/posts\/6306","targetHints":{"allow":["GET"]}}],"collection":[{"href":"https:\/\/portalr3.online\/index.php\/wp-json\/wp\/v2\/posts"}],"about":[{"href":"https:\/\/portalr3.online\/index.php\/wp-json\/wp\/v2\/types\/post"}],"author":[{"embeddable":true,"href":"https:\/\/portalr3.online\/index.php\/wp-json\/wp\/v2\/users\/1"}],"replies":[{"embeddable":true,"href":"https:\/\/portalr3.online\/index.php\/wp-json\/wp\/v2\/comments?post=6306"}],"version-history":[{"count":0,"href":"https:\/\/portalr3.online\/index.php\/wp-json\/wp\/v2\/posts\/6306\/revisions"}],"wp:featuredmedia":[{"embeddable":true,"href":"https:\/\/portalr3.online\/index.php\/wp-json\/wp\/v2\/media\/6307"}],"wp:attachment":[{"href":"https:\/\/portalr3.online\/index.php\/wp-json\/wp\/v2\/media?parent=6306"}],"wp:term":[{"taxonomy":"category","embeddable":true,"href":"https:\/\/portalr3.online\/index.php\/wp-json\/wp\/v2\/categories?post=6306"},{"taxonomy":"post_tag","embeddable":true,"href":"https:\/\/portalr3.online\/index.php\/wp-json\/wp\/v2\/tags?post=6306"}],"curies":[{"name":"wp","href":"https:\/\/api.w.org\/{rel}","templated":true}]}}