{"id":6302,"date":"2021-05-04T10:34:51","date_gmt":"2021-05-04T13:34:51","guid":{"rendered":"https:\/\/portalnarede.com.br\/?p=6302"},"modified":"2021-05-04T10:34:51","modified_gmt":"2021-05-04T13:34:51","slug":"ao-vivo-mandetta-e-interrogado-na-cpi-da-covid-e-fala-sobre-omissoes-de-governo-assista","status":"publish","type":"post","link":"https:\/\/portalr3.online\/index.php\/2021\/05\/04\/ao-vivo-mandetta-e-interrogado-na-cpi-da-covid-e-fala-sobre-omissoes-de-governo-assista\/","title":{"rendered":"Mandetta \u00e9 interrogado na CPI da Covid e fala sobre omiss\u00f5es de governo; assista"},"content":{"rendered":"\n<h5 class=\"wp-block-heading\">Primeiro depoente na CPI da Covid, Luiz Henrique Mandetta deve detalhar os sucessivos embates com o Planalto na fase inicial da pandemia, at\u00e9 a demiss\u00e3o. Governistas tentar\u00e3o apontar falhas na gest\u00e3o do ex-ministro e politiza\u00e7\u00e3o com vistas para 2022<\/h5>\n\n\n\n<p>A testemunha que inicia os depoimentos na Comiss\u00e3o Parlamentar de Inqu\u00e9rito (CPI) da Pandemia \u00e9 tamb\u00e9m a principal figura que promete escancarar as diverg\u00eancias frontais com o presidente da Rep\u00fablica Jair Bolsonaro no enfrentamento \u00e0 crise de sa\u00fade provocada pela covid-19. <a href=\"http:\/\/www.youtube.com\/naredeoficial\">O Canal na Rede no Youtube est\u00e1 transmitindo a reuni\u00e3o.<\/a><\/p>\n\n\n\n<p>O ex-ministro da Sa\u00fade Luiz Henrique Mandetta tem nas m\u00e3os um roteiro pronto para apresentar aos senadores e, nos \u00faltimos dias, se concentrou em estud\u00e1-lo e se preparar, tamb\u00e9m, para retrucar as ofensivas esperadas por parte da base governista.<\/p>\n\n\n\n<p>Abatido pelo negacionismo do Pal\u00e1cio do Planalto, Mandetta tem potencial para provocar s\u00e9rios danos pol\u00edticos ao governo Bolsonaro. M\u00e9dico com carreira pol\u00edtica e com planos eleitorais para 2022, Mandetta deve oferecer fartos subs\u00eddios para a oposi\u00e7\u00e3o, maioria na composi\u00e7\u00e3o da CPI. Como antecipado no livro Um paciente chamado Brasil \u2014 os bastidores da luta contra o coronav\u00edrus, que conta os embates entre Mandetta e o presidente da Rep\u00fablica, s\u00e3o esperadas revela\u00e7\u00f5es de neglig\u00eancia por parte do mandat\u00e1rio em rela\u00e7\u00e3o \u00e0 pandemia.<\/p>\n\n\n\n<p>A narrativa que distanciou Bolsonaro do ent\u00e3o ministro tem como ponto de partida o fat\u00eddico 15 de mar\u00e7o de 2020, quando o presidente descumpriu as orienta\u00e7\u00f5es expressas de seu gestor da Sa\u00fade e cumprimentou, sem m\u00e1scara e com direito a selfies, apoiadores que foram \u00e0s ruas em manifesta\u00e7\u00f5es pr\u00f3-governo. \u00c0 \u00e9poca, Mandetta procurou n\u00e3o criticar abertamente a conduta do mandat\u00e1rio. Ao inv\u00e9s disso, juntou estudos e dados para convencer o chefe sobre a gravidade da pandemia. Apontou que, se nada fosse feito, o pa\u00eds chegaria a 200 mil mortos por covid. Hoje, o Brasil conta mais que o dobro dessa previs\u00e3o.<\/p>\n\n\n\n<p>Na perspectiva de Mandetta, narrada no livro e possivelmente abordada no depoimento de hoje \u00e0 CPI, o presidente da Rep\u00fablica estava menos preocupado com o cen\u00e1rio de guerra que se apresentava \u2013 o ex-ministro mencionou caminh\u00f5es do Ex\u00e9rcito a carregar corpos das v\u00edtimas \u2014 e mais incomodado com um eventual alinhamento do Minist\u00e9rio da Sa\u00fade com os governadores, particularmente com o advers\u00e1rio Jo\u00e3o Doria (PSDB-SP), em S\u00e3o Paulo.<\/p>\n\n\n\n<p>Al\u00e9m desse aspecto, o livro aborda a recusa do presidente quanto ao uso m\u00e1scaras e a promo\u00e7\u00e3o de medicamentos sem efic\u00e1cia comprovada contra o novo coronav\u00edrus. Desta vez, \u00e9 esperado que Mandetta traga documentos e cite nomes que reforcem a tese, o que promete direcionar as pr\u00f3ximas oitivas.<\/p>\n\n\n\n<figure class=\"wp-block-embed is-type-video is-provider-youtube wp-block-embed-youtube wp-embed-aspect-16-9 wp-has-aspect-ratio\"><div class=\"wp-block-embed__wrapper\">\n<iframe loading=\"lazy\" title=\"CPI DA COVID AO VIVO. CPI DA PANDEMIA INTERROGA HENRIQUE MANDETTA 1\u00ba MINISTRO DO GOVERNO BOLSONARO\" width=\"800\" height=\"450\" src=\"https:\/\/www.youtube.com\/embed\/00h4aSz7htE?feature=oembed\" frameborder=\"0\" allow=\"accelerometer; autoplay; clipboard-write; encrypted-media; gyroscope; picture-in-picture\" allowfullscreen><\/iframe>\n<\/div><\/figure>\n","protected":false},"excerpt":{"rendered":"<p>Primeiro depoente na CPI da Covid, Luiz Henrique Mandetta deve detalhar os sucessivos embates com o Planalto na fase inicial<\/p>\n","protected":false},"author":1,"featured_media":6304,"comment_status":"open","ping_status":"open","sticky":false,"template":"","format":"standard","meta":{"colormag_page_container_layout":"default_layout","colormag_page_sidebar_layout":"default_layout","footnotes":""},"categories":[107],"tags":[82,202,203,204],"class_list":["post-6302","post","type-post","status-publish","format-standard","has-post-thumbnail","hentry","category-brasil","tag-covid-19","tag-cpi-da-pandemia","tag-mandetta","tag-renan-calheiros"],"aioseo_notices":[],"_links":{"self":[{"href":"https:\/\/portalr3.online\/index.php\/wp-json\/wp\/v2\/posts\/6302","targetHints":{"allow":["GET"]}}],"collection":[{"href":"https:\/\/portalr3.online\/index.php\/wp-json\/wp\/v2\/posts"}],"about":[{"href":"https:\/\/portalr3.online\/index.php\/wp-json\/wp\/v2\/types\/post"}],"author":[{"embeddable":true,"href":"https:\/\/portalr3.online\/index.php\/wp-json\/wp\/v2\/users\/1"}],"replies":[{"embeddable":true,"href":"https:\/\/portalr3.online\/index.php\/wp-json\/wp\/v2\/comments?post=6302"}],"version-history":[{"count":0,"href":"https:\/\/portalr3.online\/index.php\/wp-json\/wp\/v2\/posts\/6302\/revisions"}],"wp:featuredmedia":[{"embeddable":true,"href":"https:\/\/portalr3.online\/index.php\/wp-json\/wp\/v2\/media\/6304"}],"wp:attachment":[{"href":"https:\/\/portalr3.online\/index.php\/wp-json\/wp\/v2\/media?parent=6302"}],"wp:term":[{"taxonomy":"category","embeddable":true,"href":"https:\/\/portalr3.online\/index.php\/wp-json\/wp\/v2\/categories?post=6302"},{"taxonomy":"post_tag","embeddable":true,"href":"https:\/\/portalr3.online\/index.php\/wp-json\/wp\/v2\/tags?post=6302"}],"curies":[{"name":"wp","href":"https:\/\/api.w.org\/{rel}","templated":true}]}}