{"id":6282,"date":"2021-05-04T09:37:26","date_gmt":"2021-05-04T12:37:26","guid":{"rendered":"https:\/\/portalnarede.com.br\/?p=6282"},"modified":"2021-05-04T09:37:26","modified_gmt":"2021-05-04T12:37:26","slug":"prefeitura-de-maceio-revoga-portaria-que-autorizava-funcionamento-de-saloes-e-buffets-infantis-com-50-da-capacidade","status":"publish","type":"post","link":"https:\/\/portalr3.online\/index.php\/2021\/05\/04\/prefeitura-de-maceio-revoga-portaria-que-autorizava-funcionamento-de-saloes-e-buffets-infantis-com-50-da-capacidade\/","title":{"rendered":"Prefeitura de Macei\u00f3 revoga portaria que autorizava funcionamento de sal\u00f5es e buffets infantis"},"content":{"rendered":"\n<p>Durou apenas tr\u00eas dias. A portaria da Prefeitura de Macei\u00f3 que autorizava o funcionamento de sal\u00f5es de festas e buffets infantis na capital foi revogada. A decis\u00e3o do munic\u00edpio, por meio da Secret\u00e1ria municipal de Seguran\u00e7a Comunit\u00e1ria e Conv\u00edvio Social (Semscs),  foi tomada diante da recomenda\u00e7\u00e3o do Minist\u00e9rio P\u00fablico do Estado de Alagoas (MP\/AL) que havia destacado a preocupa\u00e7\u00e3o com a inseguran\u00e7a sanit\u00e1ria e jur\u00eddica da portaria.  <\/p>\n\n\n\n<p>Com isso, os eventos est\u00e3o suspensos enquanto vigorar o decreto estadual.<\/p>\n\n\n\n<p><strong>Portaria revogada<\/strong><\/p>\n\n\n\n<p>A Prefeitura de Macei\u00f3 havia permitido, no \u00faltimo dia 30, o funcionamento de sal\u00f5es e buffets infantis no hor\u00e1rio entre 11h e 20h, atendendo a restri\u00e7\u00e3o de 50% da capacidade. Os estabelecimentos tamb\u00e9m tinham que cumprir todas as exig\u00eancias e os protocolos sanit\u00e1rios como o uso de m\u00e1scara e a disponibiliza\u00e7\u00e3o de \u00e1lcool 70.<\/p>\n\n\n\n<p>Mas a For\u00e7a Tarefa do MPAL emitiu uma nota no mesmo dia preocupada com o n\u00famero ainda elevado de casos da Covid-19. Na nota, al\u00e9m da quest\u00e3o sanit\u00e1ria, o \u00f3rg\u00e3os destacou que o munic\u00edpio s\u00f3 podeira exercer compet\u00eancia concorrente ao decreto estadual para restri\u00e7\u00e3o e n\u00e3o flexibiliza\u00e7\u00e3o. <\/p>\n\n\n\n<p><\/p>\n","protected":false},"excerpt":{"rendered":"<p>Durou apenas tr\u00eas dias. A portaria da Prefeitura de Macei\u00f3 que autorizava o funcionamento de sal\u00f5es de festas e buffets<\/p>\n","protected":false},"author":1,"featured_media":6285,"comment_status":"open","ping_status":"open","sticky":false,"template":"","format":"standard","meta":{"colormag_page_container_layout":"default_layout","colormag_page_sidebar_layout":"default_layout","footnotes":""},"categories":[10],"tags":[34,185,36,37,39,186],"class_list":["post-6282","post","type-post","status-publish","format-standard","has-post-thumbnail","hentry","category-noticias","tag-buffets","tag-festas","tag-infantis","tag-maceio","tag-prefeitura","tag-revogado"],"aioseo_notices":[],"_links":{"self":[{"href":"https:\/\/portalr3.online\/index.php\/wp-json\/wp\/v2\/posts\/6282","targetHints":{"allow":["GET"]}}],"collection":[{"href":"https:\/\/portalr3.online\/index.php\/wp-json\/wp\/v2\/posts"}],"about":[{"href":"https:\/\/portalr3.online\/index.php\/wp-json\/wp\/v2\/types\/post"}],"author":[{"embeddable":true,"href":"https:\/\/portalr3.online\/index.php\/wp-json\/wp\/v2\/users\/1"}],"replies":[{"embeddable":true,"href":"https:\/\/portalr3.online\/index.php\/wp-json\/wp\/v2\/comments?post=6282"}],"version-history":[{"count":0,"href":"https:\/\/portalr3.online\/index.php\/wp-json\/wp\/v2\/posts\/6282\/revisions"}],"wp:featuredmedia":[{"embeddable":true,"href":"https:\/\/portalr3.online\/index.php\/wp-json\/wp\/v2\/media\/6285"}],"wp:attachment":[{"href":"https:\/\/portalr3.online\/index.php\/wp-json\/wp\/v2\/media?parent=6282"}],"wp:term":[{"taxonomy":"category","embeddable":true,"href":"https:\/\/portalr3.online\/index.php\/wp-json\/wp\/v2\/categories?post=6282"},{"taxonomy":"post_tag","embeddable":true,"href":"https:\/\/portalr3.online\/index.php\/wp-json\/wp\/v2\/tags?post=6282"}],"curies":[{"name":"wp","href":"https:\/\/api.w.org\/{rel}","templated":true}]}}