{"id":6257,"date":"2021-05-03T15:20:03","date_gmt":"2021-05-03T18:20:03","guid":{"rendered":"https:\/\/portalnarede.com.br\/?p=6257"},"modified":"2021-05-03T15:20:03","modified_gmt":"2021-05-03T18:20:03","slug":"jean-patrick-e-anunciado-como-novo-reforco-do-clube-de-regatas-brasil","status":"publish","type":"post","link":"https:\/\/portalr3.online\/index.php\/2021\/05\/03\/jean-patrick-e-anunciado-como-novo-reforco-do-clube-de-regatas-brasil\/","title":{"rendered":"Jean Patrick \u00e9 anunciado como novo refor\u00e7o do Clube de Regatas Brasil"},"content":{"rendered":"\n<p>Atleta conquistou 2 acessos nos \u00faltimos 3 anos<\/p>\n\n\n\n<p>Informa\u00e7\u00f5es: ascom CRB *com reda\u00e7\u00e3o <br>Foto: reprodu\u00e7\u00e3o redes sociais <\/p>\n\n\n\n<p>A segunda-feira (3) est\u00e1 movimentada no Clube de Regatas Brasil. A diretoria anunciou mais um refor\u00e7o para a s\u00e9rie B, o volante Jean Patrick Reis, 28 anos. O Atleta j\u00e1 teve passagens por clubes como Vasco, Fortaleza, Cuiab\u00e1, Sport e se apresenta no CT Ninho do Galo na pr\u00f3xima quarta-feira (5), onde passar\u00e1 por avalia\u00e7\u00e3o e exames m\u00e9dicos.<\/p>\n\n\n\n<p>Em 2020, Jean Patrick conseguiu o acesso jogandopara a s\u00e9rie A em duas oportunidades: pelo Fortaleza em 2018, quando acabou sendo campe\u00e3o, e pelo Cuiab\u00e1 em 2020.<\/p>\n\n\n\n<p>Jean \u00e9 natural de S\u00e3o Miguel do Igua\u00e7u -PR e tamb\u00e9m atua na lateral direita.<\/p>\n\n\n\n<p>O CRB estr\u00e9ia na s\u00e9rie B recebendo o Remo, dia 29 de Maio, no est\u00e1dio Rei Pel\u00e9, o hor\u00e1rio ainda dever\u00e1 ser divulgado.<\/p>\n","protected":false},"excerpt":{"rendered":"<p>Atleta conquistou 2 acessos nos \u00faltimos 3 anos Informa\u00e7\u00f5es: ascom CRB *com reda\u00e7\u00e3o Foto: reprodu\u00e7\u00e3o redes sociais A segunda-feira (3)<\/p>\n","protected":false},"author":1,"featured_media":6258,"comment_status":"open","ping_status":"open","sticky":false,"template":"","format":"standard","meta":{"colormag_page_container_layout":"default_layout","colormag_page_sidebar_layout":"default_layout","footnotes":""},"categories":[14],"tags":[93,152,171,172,173],"class_list":["post-6257","post","type-post","status-publish","format-standard","has-post-thumbnail","hentry","category-esportes","tag-crb","tag-crb-reforco","tag-galo","tag-jean-patrick-reforco-crb","tag-reforco-no-galo"],"aioseo_notices":[],"_links":{"self":[{"href":"https:\/\/portalr3.online\/index.php\/wp-json\/wp\/v2\/posts\/6257","targetHints":{"allow":["GET"]}}],"collection":[{"href":"https:\/\/portalr3.online\/index.php\/wp-json\/wp\/v2\/posts"}],"about":[{"href":"https:\/\/portalr3.online\/index.php\/wp-json\/wp\/v2\/types\/post"}],"author":[{"embeddable":true,"href":"https:\/\/portalr3.online\/index.php\/wp-json\/wp\/v2\/users\/1"}],"replies":[{"embeddable":true,"href":"https:\/\/portalr3.online\/index.php\/wp-json\/wp\/v2\/comments?post=6257"}],"version-history":[{"count":0,"href":"https:\/\/portalr3.online\/index.php\/wp-json\/wp\/v2\/posts\/6257\/revisions"}],"wp:featuredmedia":[{"embeddable":true,"href":"https:\/\/portalr3.online\/index.php\/wp-json\/wp\/v2\/media\/6258"}],"wp:attachment":[{"href":"https:\/\/portalr3.online\/index.php\/wp-json\/wp\/v2\/media?parent=6257"}],"wp:term":[{"taxonomy":"category","embeddable":true,"href":"https:\/\/portalr3.online\/index.php\/wp-json\/wp\/v2\/categories?post=6257"},{"taxonomy":"post_tag","embeddable":true,"href":"https:\/\/portalr3.online\/index.php\/wp-json\/wp\/v2\/tags?post=6257"}],"curies":[{"name":"wp","href":"https:\/\/api.w.org\/{rel}","templated":true}]}}