{"id":6252,"date":"2021-05-03T15:05:03","date_gmt":"2021-05-03T18:05:03","guid":{"rendered":"https:\/\/portalnarede.com.br\/?p=6252"},"modified":"2021-05-03T15:05:03","modified_gmt":"2021-05-03T18:05:03","slug":"justica-discute-retorno-das-aulas-presenciais-de-colegios-publicos-com-secretarios-municipais","status":"publish","type":"post","link":"https:\/\/portalr3.online\/index.php\/2021\/05\/03\/justica-discute-retorno-das-aulas-presenciais-de-colegios-publicos-com-secretarios-municipais\/","title":{"rendered":"Justi\u00e7a discute retorno das aulas presenciais de col\u00e9gios p\u00fablicos com secret\u00e1rios municipais em Alagoas"},"content":{"rendered":"\n<p>*Com informa\u00e7\u00f5es e imagem: Assessoria<\/p>\n\n\n\n<p>O procurador-geral de Justi\u00e7a, M\u00e1rcio Roberto Ten\u00f3rio de Albuquerque, ao lado de promotores de Justi\u00e7a integrantes da For\u00e7a-tarefa de Combate \u00e0 Covid-19 Minist\u00e9rio P\u00fablico do Estado de Alagoas (MPAL), recebeu, na manh\u00e3 desta segunda-feira (3), representantes da Prefeitura de Macei\u00f3 e da C\u00e2mara Municipal para discutir o retorno das aulas presenciais na rede p\u00fablica de ensino. O \u00f3rg\u00e3o ministerial manifestou preocupa\u00e7\u00e3o com os milhares de alunos que est\u00e3o fora da sala de aula e ratificou seu posicionamento no sentido de que \u00e9 poss\u00edvel um retorno respons\u00e1vel que garanta seguran\u00e7a aos alunos e profissionais de educa\u00e7\u00e3o.<\/p>\n\n\n\n<p>Na reuni\u00e3o, que ocorreu no pr\u00e9dio-sede do MPAL, estiveram presentes, al\u00e9m do chefe do Minist\u00e9rio P\u00fablico, M\u00e1rcio Roberto Ten\u00f3rio de Albuquerque, o chefe de gabinete da institui\u00e7\u00e3o, Humberto Bulh\u00f5es, os promotores membros da FT, Lucas Sachsida, Luciano Romero e Sandra Malta, o secret\u00e1rio municipal de Educa\u00e7\u00e3o, Elder Maia, o coordenador do Gabinete de Gest\u00e3o Integrada de Combate \u00e0 Covid-19, Claydson Moura, o procurador-geral do munic\u00edpio de Macei\u00f3, Jo\u00e3o Lobo, e o vereador Jos\u00e9 M\u00e1rcio Filho.<\/p>\n\n\n\n<p>Durante o encontro, os secret\u00e1rios demonstraram o interesse do Poder Executivo no retorno \u00e0s aulas presenciais e informaram o desejo de ampliar a vacina\u00e7\u00e3o no sentindo de imunizar cerca de 5,3 mil professores e trabalhadores da \u00e1rea da Educa\u00e7\u00e3o de Macei\u00f3. E ap\u00f3s ouvir essa explana\u00e7\u00e3o dos gestores, o procurador-geral de Justi\u00e7a convidou Elder Maia e Claydson Moura para participarem da pr\u00f3xima reuni\u00e3o da for\u00e7a-tarefa, que ocorrer\u00e1 na quarta-feira (5). \u201cA vontade de retorno das atividades presenciais \u00e9 justa porque sabemos que as crian\u00e7as e adolescentes da rede p\u00fablica merece respeito ao princ\u00edpios do acesso universal e manuten\u00e7\u00e3o do padr\u00e3o do ensino, afinal, a educa\u00e7\u00e3o p\u00fablica \u00e9 uma das maiores conquistas civilizat\u00f3rias da atualidade. Al\u00e9m disso, h\u00e1 muitos deles em situa\u00e7\u00e3o de vulnerabilidade social em suas casas. Ent\u00e3o, vamos discutir com muita responsabilidade esse tema para que o retorno possa se dar com todas as garantias legais e sanit\u00e1rias\u201d, defendeu M\u00e1rcio Roberto Ten\u00f3rio de Albuquerque.<\/p>\n\n\n\n<p>O promotor Lucas Sachsida, coordenador do N\u00facleo de Educa\u00e7\u00e3o do Minist\u00e9rio P\u00fablico, tamb\u00e9m se mostrou preocupado com a garantia da educa\u00e7\u00e3o de qualidade aos alunos da rede p\u00fablica municipal. \u201cH\u00e1 uma diferen\u00e7a qualitativa inquestion\u00e1vel entre o ensino presencial e aquele ofertado remotamente. Por essa raz\u00e3o, se as condi\u00e7\u00f5es sanit\u00e1rias permitem o retorno de diversas atividades, inclusive o ensino nas escolas particulares, tamb\u00e9m devem as escolas p\u00fablicas retornar, isso com vistas no respeito ao princ\u00edpio da equidade. E n\u00f3s concordamos que os professores s\u00e3o a for\u00e7a motriz da educa\u00e7\u00e3o e, por isso, o retorno deve obedecer os crit\u00e9rios e protocolos sanit\u00e1rios para sua prote\u00e7\u00e3o e tamb\u00e9m dos alunos. Sobre a vacina\u00e7\u00e3o, lembramos que o Plano Nacional de Imuniza\u00e7\u00e3o (PNI) deve ser respeitado\u201d, declarou.<\/p>\n\n\n\n<p>O promotor de Justi\u00e7a com atribui\u00e7\u00f5es na \u00e1rea da sa\u00fade p\u00fablica municipal, Luciano Romero, igualmente refor\u00e7ou que a vacina\u00e7\u00e3o precisa seguir o PNI. \u201cJ\u00e1 existe uma recomenda\u00e7\u00e3o dos Minist\u00e9rios P\u00fablicos Estadual e Federal nesse sentido. O plano foi constru\u00eddo pensando nas prioridades de imuniza\u00e7\u00e3o e n\u00f3s n\u00e3o podemos ir na contra\u00e7\u00e3o desse planejamento. No entanto, refor\u00e7amos a import\u00e2ncia da vacina\u00e7\u00e3o para os profissionais da educa\u00e7\u00e3o\u201d, disse ele.<\/p>\n\n\n\n<p>Segundo o secret\u00e1rio Elder Maia, a educa\u00e7\u00e3o p\u00fablica de Macei\u00f3 tem cerca de nove mil alunos e, para que eles possam voltar \u00e0 sala de aula, a vacina\u00e7\u00e3o precisaria atingir aproximadamente 5,3 mil trabalhadores. \u201cO munic\u00edpio de Macei\u00f3 quer levar os alunos de volta \u00e0s escolas porque sabe da import\u00e2ncia da educa\u00e7\u00e3o na vida de cada um deles. Al\u00e9m disso, a condi\u00e7\u00e3o de vulnerabilidade que muitos vivem no ambiente dom\u00e9stico, aliada a inseguran\u00e7a alimentar, prejudica o desenvolvimento dessas crian\u00e7as e adolescentes de forma exponencial\u201d, afirmou o secret\u00e1rio de Educa\u00e7\u00e3o.<\/p>\n\n\n\n<p>Na pr\u00f3xima quarta-feira, \u00e0s 14h, a Prefeitura de Macei\u00f3 far\u00e1 uma explana\u00e7\u00e3o aos membros da FT sobre a situa\u00e7\u00e3o da educa\u00e7\u00e3o na rede municipal de ensino. Depois disso, o MPAL far\u00e1 uma an\u00e1lise coletiva sobre os dados apresentados.<\/p>\n","protected":false},"excerpt":{"rendered":"<p>*Com informa\u00e7\u00f5es e imagem: Assessoria O procurador-geral de Justi\u00e7a, M\u00e1rcio Roberto Ten\u00f3rio de Albuquerque, ao lado de promotores de Justi\u00e7a<\/p>\n","protected":false},"author":1,"featured_media":6253,"comment_status":"open","ping_status":"open","sticky":false,"template":"","format":"standard","meta":{"colormag_page_container_layout":"default_layout","colormag_page_sidebar_layout":"default_layout","footnotes":""},"categories":[10],"tags":[169,170],"class_list":["post-6252","post","type-post","status-publish","format-standard","has-post-thumbnail","hentry","category-noticias","tag-escolas-publicas","tag-volta-as-aulas"],"aioseo_notices":[],"_links":{"self":[{"href":"https:\/\/portalr3.online\/index.php\/wp-json\/wp\/v2\/posts\/6252","targetHints":{"allow":["GET"]}}],"collection":[{"href":"https:\/\/portalr3.online\/index.php\/wp-json\/wp\/v2\/posts"}],"about":[{"href":"https:\/\/portalr3.online\/index.php\/wp-json\/wp\/v2\/types\/post"}],"author":[{"embeddable":true,"href":"https:\/\/portalr3.online\/index.php\/wp-json\/wp\/v2\/users\/1"}],"replies":[{"embeddable":true,"href":"https:\/\/portalr3.online\/index.php\/wp-json\/wp\/v2\/comments?post=6252"}],"version-history":[{"count":0,"href":"https:\/\/portalr3.online\/index.php\/wp-json\/wp\/v2\/posts\/6252\/revisions"}],"wp:featuredmedia":[{"embeddable":true,"href":"https:\/\/portalr3.online\/index.php\/wp-json\/wp\/v2\/media\/6253"}],"wp:attachment":[{"href":"https:\/\/portalr3.online\/index.php\/wp-json\/wp\/v2\/media?parent=6252"}],"wp:term":[{"taxonomy":"category","embeddable":true,"href":"https:\/\/portalr3.online\/index.php\/wp-json\/wp\/v2\/categories?post=6252"},{"taxonomy":"post_tag","embeddable":true,"href":"https:\/\/portalr3.online\/index.php\/wp-json\/wp\/v2\/tags?post=6252"}],"curies":[{"name":"wp","href":"https:\/\/api.w.org\/{rel}","templated":true}]}}