{"id":6248,"date":"2021-05-03T14:01:54","date_gmt":"2021-05-03T17:01:54","guid":{"rendered":"https:\/\/portalnarede.com.br\/?p=6248"},"modified":"2021-05-03T14:01:54","modified_gmt":"2021-05-03T17:01:54","slug":"video-governador-renan-filho-anuncia-chegada-de-99-mil-doses-de-vacinas-da-astrazeneca","status":"publish","type":"post","link":"https:\/\/portalr3.online\/index.php\/2021\/05\/03\/video-governador-renan-filho-anuncia-chegada-de-99-mil-doses-de-vacinas-da-astrazeneca\/","title":{"rendered":"V\u00eddeo: Governador Renan Filho anuncia chegada de 99 mil doses de vacinas da Astrazeneca"},"content":{"rendered":"\n<p>Foto: Reprodu\u00e7\u00e3o \/ V\u00eddeo: redes sociais<\/p>\n\n\n\n<p>Novos setores ganham prioridade na vacina\u00e7\u00e3o<\/p>\n\n\n\n<p>O Governador de Alagoas, Renan Filho (MDB), anunciou no in\u00edcio da tarde desta segunda-feira (3) a chegada de mais 99 mil doses de vacina contra a covid-19. O novo lote foi da Astrazeneca e j\u00e1 est\u00e1 em terras alagoanas.<\/p>\n\n\n\n<p>Em live, nas redes sociais o Governador antecipou que gra\u00e7as a quantidade de vacinas vai poder ampliar o grupo priorit\u00e1rio. As pessoas com comorbidades de 45 a 55 anos entrar\u00e3o no plano de vacina\u00e7\u00e3o, assim como todos os profissionais da sa\u00fade com mais de 18 anos, os profissionais da educa\u00e7\u00e3o b\u00e1sica, entre professores e funcion\u00e1rios, com idade entre 55 a 59 anos, todas as pessoas em situa\u00e7\u00e3o de rua acima dos 18 anos e todos os presos e servidores do sistema prisional.<\/p>\n\n\n\n<p>Ap\u00f3s o anuncio, Renan parabenizou o trabalho dos profissionais da sa\u00fade e pediu uni\u00e3o nesse momento t\u00e3o dif\u00edcil.<\/p>\n\n\n\n<p>Confira a live na \u00edntegra:<\/p>\n\n\n\n<figure class=\"wp-block-video\"><video controls src=\"blob:https:\/\/portalnarede.com.br\/d1f75cb7-c051-4fc7-93a7-95eee4a96ef0\"><\/video><\/figure>\n\n\n\n<p><\/p>\n","protected":false},"excerpt":{"rendered":"<p>Foto: Reprodu\u00e7\u00e3o \/ V\u00eddeo: redes sociais Novos setores ganham prioridade na vacina\u00e7\u00e3o O Governador de Alagoas, Renan Filho (MDB), anunciou<\/p>\n","protected":false},"author":1,"featured_media":6094,"comment_status":"open","ping_status":"open","sticky":false,"template":"","format":"standard","meta":{"colormag_page_container_layout":"default_layout","colormag_page_sidebar_layout":"default_layout","footnotes":""},"categories":[10],"tags":[163,164,165,52,166,167,168],"class_list":["post-6248","post","type-post","status-publish","format-standard","has-post-thumbnail","hentry","category-noticias","tag-presos-vacinas","tag-renan-filho","tag-vacina-alagoas","tag-vacinacao","tag-vacinacao-educacao","tag-vacinacao-presos","tag-vacinacao-professores"],"aioseo_notices":[],"_links":{"self":[{"href":"https:\/\/portalr3.online\/index.php\/wp-json\/wp\/v2\/posts\/6248","targetHints":{"allow":["GET"]}}],"collection":[{"href":"https:\/\/portalr3.online\/index.php\/wp-json\/wp\/v2\/posts"}],"about":[{"href":"https:\/\/portalr3.online\/index.php\/wp-json\/wp\/v2\/types\/post"}],"author":[{"embeddable":true,"href":"https:\/\/portalr3.online\/index.php\/wp-json\/wp\/v2\/users\/1"}],"replies":[{"embeddable":true,"href":"https:\/\/portalr3.online\/index.php\/wp-json\/wp\/v2\/comments?post=6248"}],"version-history":[{"count":0,"href":"https:\/\/portalr3.online\/index.php\/wp-json\/wp\/v2\/posts\/6248\/revisions"}],"wp:featuredmedia":[{"embeddable":true,"href":"https:\/\/portalr3.online\/index.php\/wp-json\/"}],"wp:attachment":[{"href":"https:\/\/portalr3.online\/index.php\/wp-json\/wp\/v2\/media?parent=6248"}],"wp:term":[{"taxonomy":"category","embeddable":true,"href":"https:\/\/portalr3.online\/index.php\/wp-json\/wp\/v2\/categories?post=6248"},{"taxonomy":"post_tag","embeddable":true,"href":"https:\/\/portalr3.online\/index.php\/wp-json\/wp\/v2\/tags?post=6248"}],"curies":[{"name":"wp","href":"https:\/\/api.w.org\/{rel}","templated":true}]}}