{"id":6223,"date":"2021-05-03T10:07:10","date_gmt":"2021-05-03T13:07:10","guid":{"rendered":"https:\/\/portalnarede.com.br\/?p=6223"},"modified":"2021-05-03T10:07:10","modified_gmt":"2021-05-03T13:07:10","slug":"homens-sao-presos-pela-policia-civil-suspeitos-de-matar-a-tiros-um-jovem-na-parte-alta-de-maceio","status":"publish","type":"post","link":"https:\/\/portalr3.online\/index.php\/2021\/05\/03\/homens-sao-presos-pela-policia-civil-suspeitos-de-matar-a-tiros-um-jovem-na-parte-alta-de-maceio\/","title":{"rendered":"Homens s\u00e3o presos pela Policia Civil suspeitos de matar a tiros um jovem na parte alta de Macei\u00f3"},"content":{"rendered":"\n<p>A Pol\u00edcia Civil prendeu, nesta segunda-feira (03), dois homens suspeitos de matar a tiros um jovem. De acordo com investiga\u00e7\u00e3o, uma d\u00edvida de drogas motivou o crime. O mandato foi cumprido na manh\u00e3 de hoje, no bairro Cleto Marques Luz, em Macei\u00f3.<\/p>\n\n\n\n<p>A investiga\u00e7\u00e3o do homic\u00eddio, coordenada pelo delegado Fabio Costa, tamb\u00e9m teve amplo apoio das equipes do N\u00facleo de Intelig\u00eancia da Delegacia de Homic\u00eddios e Prote\u00e7\u00e3o \u00e0 Pessoa (DHPP).<\/p>\n\n\n\n<p>\u201cA v\u00edtima n\u00e3o tinha desafetos e nem as c\u00e2meras dos estabelecimentos pr\u00f3ximos conseguiram captar imagens que pudessem ajudar na investiga\u00e7\u00e3o. Identificamos a dupla ap\u00f3s um trabalho minucioso do N\u00facleo de Intelig\u00eancia\u201d, falou o delegado.<\/p>\n\n\n\n<p>O crime teve como v\u00edtima Jos\u00e9 Carlos dos Santos Silva, de 24 anos, atra\u00eddo para um bar localizado na parte alta de Macei\u00f3. No local, Jos\u00e9 sofreu diversos disparos de arma de fogo.<\/p>\n\n\n\n<p>Os suspeitos E.C.S., de 25 anos, e J.G.S., de 24 anos, t\u00eam envolvimento com o tr\u00e1fico de droga na regi\u00e3o.<\/p>\n","protected":false},"excerpt":{"rendered":"<p>A Pol\u00edcia Civil prendeu, nesta segunda-feira (03), dois homens suspeitos de matar a tiros um jovem. De acordo com investiga\u00e7\u00e3o,<\/p>\n","protected":false},"author":1,"featured_media":6131,"comment_status":"open","ping_status":"open","sticky":false,"template":"","format":"standard","meta":{"colormag_page_container_layout":"default_layout","colormag_page_sidebar_layout":"default_layout","footnotes":""},"categories":[10],"tags":[37,150,151],"class_list":["post-6223","post","type-post","status-publish","format-standard","has-post-thumbnail","hentry","category-noticias","tag-maceio","tag-policia-civil-prende-criminosos","tag-trafico-de-drogas"],"aioseo_notices":[],"_links":{"self":[{"href":"https:\/\/portalr3.online\/index.php\/wp-json\/wp\/v2\/posts\/6223","targetHints":{"allow":["GET"]}}],"collection":[{"href":"https:\/\/portalr3.online\/index.php\/wp-json\/wp\/v2\/posts"}],"about":[{"href":"https:\/\/portalr3.online\/index.php\/wp-json\/wp\/v2\/types\/post"}],"author":[{"embeddable":true,"href":"https:\/\/portalr3.online\/index.php\/wp-json\/wp\/v2\/users\/1"}],"replies":[{"embeddable":true,"href":"https:\/\/portalr3.online\/index.php\/wp-json\/wp\/v2\/comments?post=6223"}],"version-history":[{"count":0,"href":"https:\/\/portalr3.online\/index.php\/wp-json\/wp\/v2\/posts\/6223\/revisions"}],"wp:featuredmedia":[{"embeddable":true,"href":"https:\/\/portalr3.online\/index.php\/wp-json\/wp\/v2\/media\/6131"}],"wp:attachment":[{"href":"https:\/\/portalr3.online\/index.php\/wp-json\/wp\/v2\/media?parent=6223"}],"wp:term":[{"taxonomy":"category","embeddable":true,"href":"https:\/\/portalr3.online\/index.php\/wp-json\/wp\/v2\/categories?post=6223"},{"taxonomy":"post_tag","embeddable":true,"href":"https:\/\/portalr3.online\/index.php\/wp-json\/wp\/v2\/tags?post=6223"}],"curies":[{"name":"wp","href":"https:\/\/api.w.org\/{rel}","templated":true}]}}