{"id":6219,"date":"2021-05-03T09:25:23","date_gmt":"2021-05-03T12:25:23","guid":{"rendered":"https:\/\/portalnarede.com.br\/?p=6219"},"modified":"2021-05-03T09:25:23","modified_gmt":"2021-05-03T12:25:23","slug":"sao-jose-da-laje-suspeito-de-matar-esposa-com-golpes-de-facao-apos-discussao-em-bebedeira-e-preso","status":"publish","type":"post","link":"https:\/\/portalr3.online\/index.php\/2021\/05\/03\/sao-jose-da-laje-suspeito-de-matar-esposa-com-golpes-de-facao-apos-discussao-em-bebedeira-e-preso\/","title":{"rendered":"S\u00e3o Jos\u00e9 da Laje: suspeito de matar esposa com golpes de fac\u00e3o ap\u00f3s discuss\u00e3o em bebedeira \u00e9 preso"},"content":{"rendered":"\n<p><\/p>\n\n\n\n<p>Um homem foi preso, nesse domingo (02), no Bairro Alto do Tijuca, em S\u00e3o Jos\u00e9 da Laje, no interior de Alagoas. Ele \u00e9 suspeito de matar a pr\u00f3pria esposa a golpes de fac\u00e3o ap\u00f3s uma bebedeira.<\/p>\n\n\n\n<p>Segundo informa\u00e7\u00f5es colhidas pela pol\u00edcia, o casal seguia bebendo junto, mas em um determinado momento foi iniciada uma discuss\u00e3o. O homem teria pego o fac\u00e3o e atingido a companheira, que n\u00e3o resistiu a gravidade dos ferimentos e morreu.<\/p>\n\n\n\n<p>A Pol\u00edcia Militar ainda colheu relatos de que antes de desferir os golpes de fac\u00e3o na companheira, o homem fechou as portas da casa.<\/p>\n\n\n\n<p>O suspeito foi preso em flagrante. Peritos do Instituto de Criminal\u00edstica (IC) tamb\u00e9m estiveram no local analisando a cena do crime e, em seguida, uma equipe do Instituto M\u00e9dico Legal (IML) recolheu o corpo da v\u00edtima.<\/p>\n","protected":false},"excerpt":{"rendered":"<p>Um homem foi preso, nesse domingo (02), no Bairro Alto do Tijuca, em S\u00e3o Jos\u00e9 da Laje, no interior de<\/p>\n","protected":false},"author":1,"featured_media":6230,"comment_status":"open","ping_status":"open","sticky":false,"template":"","format":"standard","meta":{"colormag_page_container_layout":"default_layout","colormag_page_sidebar_layout":"default_layout","footnotes":""},"categories":[22],"tags":[144,145,146,147,148,149,91],"class_list":["post-6219","post","type-post","status-publish","format-standard","has-post-thumbnail","hentry","category-cidades","tag-bebedeira","tag-companheira","tag-discussao","tag-homeme","tag-matar","tag-sao-jose-da-laje","tag-suspeito"],"aioseo_notices":[],"_links":{"self":[{"href":"https:\/\/portalr3.online\/index.php\/wp-json\/wp\/v2\/posts\/6219","targetHints":{"allow":["GET"]}}],"collection":[{"href":"https:\/\/portalr3.online\/index.php\/wp-json\/wp\/v2\/posts"}],"about":[{"href":"https:\/\/portalr3.online\/index.php\/wp-json\/wp\/v2\/types\/post"}],"author":[{"embeddable":true,"href":"https:\/\/portalr3.online\/index.php\/wp-json\/wp\/v2\/users\/1"}],"replies":[{"embeddable":true,"href":"https:\/\/portalr3.online\/index.php\/wp-json\/wp\/v2\/comments?post=6219"}],"version-history":[{"count":0,"href":"https:\/\/portalr3.online\/index.php\/wp-json\/wp\/v2\/posts\/6219\/revisions"}],"wp:featuredmedia":[{"embeddable":true,"href":"https:\/\/portalr3.online\/index.php\/wp-json\/wp\/v2\/media\/6230"}],"wp:attachment":[{"href":"https:\/\/portalr3.online\/index.php\/wp-json\/wp\/v2\/media?parent=6219"}],"wp:term":[{"taxonomy":"category","embeddable":true,"href":"https:\/\/portalr3.online\/index.php\/wp-json\/wp\/v2\/categories?post=6219"},{"taxonomy":"post_tag","embeddable":true,"href":"https:\/\/portalr3.online\/index.php\/wp-json\/wp\/v2\/tags?post=6219"}],"curies":[{"name":"wp","href":"https:\/\/api.w.org\/{rel}","templated":true}]}}