{"id":6216,"date":"2021-05-03T09:27:00","date_gmt":"2021-05-03T12:27:00","guid":{"rendered":"https:\/\/portalnarede.com.br\/?p=6216"},"modified":"2021-05-03T09:27:00","modified_gmt":"2021-05-03T12:27:00","slug":"prefeitura-de-maceio-antecipa-para-esta-segunda-feira-03-vacina-destinada-a-publico-com-comorbidades-a-partir-de-57-anos","status":"publish","type":"post","link":"https:\/\/portalr3.online\/index.php\/2021\/05\/03\/prefeitura-de-maceio-antecipa-para-esta-segunda-feira-03-vacina-destinada-a-publico-com-comorbidades-a-partir-de-57-anos\/","title":{"rendered":"Prefeitura de Macei\u00f3 antecipa para esta segunda-feira (03) vacina destinada a p\u00fablico com comorbidades a partir de 57 anos"},"content":{"rendered":"\n<p>As pessoas com comorbidades a partir de 57 anos foram inclu\u00eddas no programa de vacina\u00e7\u00e3o, nesta segunda-feira, contra o Coronav\u00edrus, em Macei\u00f3. A informa\u00e7\u00e3o foi divulgada pelo prefeito JHC (PSB), na manh\u00e3 de hoje, via rede social.<\/p>\n\n\n\n<p>O prefeito ainda afirmou que nesse ter\u00e7a-feira (04), as pessoas com comorbidades de 56 anos j\u00e1 devem ser imunizadas. Confira a mensagem divulgada por JHC:<\/p>\n\n\n\n<p>&#8220;A semana come\u00e7a com uma not\u00edcia boa: Antecipamos para HOJE a vacina\u00e7\u00e3o das pessoas com comorbidades a partir de 57 anos! Amanh\u00e3, ter\u00e7a-feira (04\/05), \u00e9 a vez das pessoas com comorbidades de 56 anos. Nos pr\u00f3ximos dias, tamb\u00e9m vamos ampliar outras idades. Macei\u00f3 segue avan\u00e7ando&#8221;.<\/p>\n\n\n\n<p>De acordo com o site vacina.maceio.al.gov.br , 246 mil pessoas receberam os imunizantes, s\u00f3 na capital alagoana, at\u00e9 esse domingo (02).<\/p>\n\n\n\n<p>Vale lembrar que \u00e9 necess\u00e1rio se fazer presente com o comprovante de resid\u00eancia no ponto de vacina\u00e7\u00e3o.<\/p>\n","protected":false},"excerpt":{"rendered":"<p>As pessoas com comorbidades a partir de 57 anos foram inclu\u00eddas no programa de vacina\u00e7\u00e3o, nesta segunda-feira, contra o Coronav\u00edrus,<\/p>\n","protected":false},"author":1,"featured_media":2401,"comment_status":"open","ping_status":"open","sticky":false,"template":"","format":"standard","meta":{"colormag_page_container_layout":"default_layout","colormag_page_sidebar_layout":"default_layout","footnotes":""},"categories":[10],"tags":[82,140,141,52],"class_list":["post-6216","post","type-post","status-publish","format-standard","has-post-thumbnail","hentry","category-noticias","tag-covid-19","tag-jhc","tag-prefeitura-de-maceio","tag-vacinacao"],"aioseo_notices":[],"_links":{"self":[{"href":"https:\/\/portalr3.online\/index.php\/wp-json\/wp\/v2\/posts\/6216","targetHints":{"allow":["GET"]}}],"collection":[{"href":"https:\/\/portalr3.online\/index.php\/wp-json\/wp\/v2\/posts"}],"about":[{"href":"https:\/\/portalr3.online\/index.php\/wp-json\/wp\/v2\/types\/post"}],"author":[{"embeddable":true,"href":"https:\/\/portalr3.online\/index.php\/wp-json\/wp\/v2\/users\/1"}],"replies":[{"embeddable":true,"href":"https:\/\/portalr3.online\/index.php\/wp-json\/wp\/v2\/comments?post=6216"}],"version-history":[{"count":0,"href":"https:\/\/portalr3.online\/index.php\/wp-json\/wp\/v2\/posts\/6216\/revisions"}],"wp:featuredmedia":[{"embeddable":true,"href":"https:\/\/portalr3.online\/index.php\/wp-json\/"}],"wp:attachment":[{"href":"https:\/\/portalr3.online\/index.php\/wp-json\/wp\/v2\/media?parent=6216"}],"wp:term":[{"taxonomy":"category","embeddable":true,"href":"https:\/\/portalr3.online\/index.php\/wp-json\/wp\/v2\/categories?post=6216"},{"taxonomy":"post_tag","embeddable":true,"href":"https:\/\/portalr3.online\/index.php\/wp-json\/wp\/v2\/tags?post=6216"}],"curies":[{"name":"wp","href":"https:\/\/api.w.org\/{rel}","templated":true}]}}