{"id":6213,"date":"2021-05-03T08:47:54","date_gmt":"2021-05-03T11:47:54","guid":{"rendered":"https:\/\/portalnarede.com.br\/?p=6213"},"modified":"2021-05-03T08:47:54","modified_gmt":"2021-05-03T11:47:54","slug":"arapiraca-jovem-e-morto-vitima-de-arma-de-fogo-em-via-publica","status":"publish","type":"post","link":"https:\/\/portalr3.online\/index.php\/2021\/05\/03\/arapiraca-jovem-e-morto-vitima-de-arma-de-fogo-em-via-publica\/","title":{"rendered":"Arapiraca: jovem \u00e9 surpreendido por dupla em carro, baleado e morto em via p\u00fablica"},"content":{"rendered":"\n<p>Um jovem veio a \u00f3bito, nesse domingo (02), v\u00edtima de arma de fogo. De acordo com o relat\u00f3rio do Centro Integrado de Opera\u00e7\u00f5es (Ciosp), dois homens, que estavam em um ve\u00edculo, efetuaram os disparos. A ocorr\u00eancia se deu no munic\u00edpio de Arapiraca, em Alagoas.<\/p>\n\n\n\n<p>A v\u00edtima de 23 anos, que n\u00e3o teve a identidade divulgada, faleceu no local, antes mesmo dos primeiros socorros.<\/p>\n\n\n\n<p>Segundo informa\u00e7\u00f5es levantadas pela guarni\u00e7\u00e3o da For\u00e7a Tarefa 15, pertencente ao 3\u00ba Batalh\u00e3o de Pol\u00edcia Militar, a v\u00edtima trafegava em via p\u00fablica quando foi abordada por dois homens armados.<\/p>\n\n\n\n<p>Os criminosos, ocupantes de um carro, modelo Fiat P\u00e1lio, cor preta, ap\u00f3s terem efetuados os tiros, se evadiram do local e ainda n\u00e3o foram identificados. Tamb\u00e9m n\u00e3o se sabe qual a poss\u00edvel motiva\u00e7\u00e3o para o homic\u00eddio.<\/p>\n\n\n\n<p>Al\u00e9m da Pol\u00edcia Militar, equipes do Instituto M\u00e9dico Legal (IML), Instituto de Criminal\u00edstica (IC) e Pol\u00edcia Civil, que deve seguir com as investiga\u00e7\u00f5es.<\/p>\n","protected":false},"excerpt":{"rendered":"<p>Um jovem veio a \u00f3bito, nesse domingo (02), v\u00edtima de arma de fogo. De acordo com o relat\u00f3rio do Centro<\/p>\n","protected":false},"author":1,"featured_media":862,"comment_status":"open","ping_status":"open","sticky":false,"template":"","format":"standard","meta":{"colormag_page_container_layout":"default_layout","colormag_page_sidebar_layout":"default_layout","footnotes":""},"categories":[22],"tags":[47,137,138,139],"class_list":["post-6213","post","type-post","status-publish","format-standard","has-post-thumbnail","hentry","category-cidades","tag-alagoas","tag-arapiraca","tag-arma-de-fogo","tag-jovem"],"aioseo_notices":[],"_links":{"self":[{"href":"https:\/\/portalr3.online\/index.php\/wp-json\/wp\/v2\/posts\/6213","targetHints":{"allow":["GET"]}}],"collection":[{"href":"https:\/\/portalr3.online\/index.php\/wp-json\/wp\/v2\/posts"}],"about":[{"href":"https:\/\/portalr3.online\/index.php\/wp-json\/wp\/v2\/types\/post"}],"author":[{"embeddable":true,"href":"https:\/\/portalr3.online\/index.php\/wp-json\/wp\/v2\/users\/1"}],"replies":[{"embeddable":true,"href":"https:\/\/portalr3.online\/index.php\/wp-json\/wp\/v2\/comments?post=6213"}],"version-history":[{"count":0,"href":"https:\/\/portalr3.online\/index.php\/wp-json\/wp\/v2\/posts\/6213\/revisions"}],"wp:featuredmedia":[{"embeddable":true,"href":"https:\/\/portalr3.online\/index.php\/wp-json\/"}],"wp:attachment":[{"href":"https:\/\/portalr3.online\/index.php\/wp-json\/wp\/v2\/media?parent=6213"}],"wp:term":[{"taxonomy":"category","embeddable":true,"href":"https:\/\/portalr3.online\/index.php\/wp-json\/wp\/v2\/categories?post=6213"},{"taxonomy":"post_tag","embeddable":true,"href":"https:\/\/portalr3.online\/index.php\/wp-json\/wp\/v2\/tags?post=6213"}],"curies":[{"name":"wp","href":"https:\/\/api.w.org\/{rel}","templated":true}]}}