{"id":6190,"date":"2021-05-02T13:10:18","date_gmt":"2021-05-02T16:10:18","guid":{"rendered":"https:\/\/portalnarede.com.br\/?p=6190"},"modified":"2021-05-02T13:10:18","modified_gmt":"2021-05-02T16:10:18","slug":"policia-militar-prende-em-flagrante-tres-homens-suspeitos-de-furto-em-casa-no-pinheiro","status":"publish","type":"post","link":"https:\/\/portalr3.online\/index.php\/2021\/05\/02\/policia-militar-prende-em-flagrante-tres-homens-suspeitos-de-furto-em-casa-no-pinheiro\/","title":{"rendered":"Pol\u00edcia Militar prende, em flagrante, tr\u00eas homens suspeitos de furto em casa no Pinheiro"},"content":{"rendered":"\n<p>Foto: reprodu\u00e7\u00e3o<\/p>\n\n\n\n<p>Dono da casa, com ajuda de amigos, conseguiu deter a a\u00e7\u00e3o dos meliantes e acionaram a pol\u00edcia<\/p>\n\n\n\n<p>Uma resid\u00eancia localizada no bairro do Pinheiro, em Macei\u00f3, foi alvo de bandidos nesse s\u00e1bado (01). O propriet\u00e1rio da resid\u00eancia informou aos militares que, ao chegar na casa, escutou um barulho e identificou que a resid\u00eancia estaria sendo alvo de furto.<\/p>\n\n\n\n<p>A v\u00edtima, com a a ajuda de amigos, conseguiu deter os tr\u00eas homens n\u00e3o identificados e acionou a pol\u00edcia para o flagrante. Os tr\u00eas homens, que estavam na casa, tinham 19, 20 e 41 anos. Eles estavam de posse de uma caixa de \u00e1gua, uma pia inox em fibra e v\u00e1rias placas de forro PVC.<\/p>\n\n\n\n<p>De acordo com o 4\u00ba Batalh\u00e3o da Pol\u00edcia Militar (BPM), o furto aconteceu nas proximidades da Igreja Batista do Pinheiro. Os homens e o material apreendido foram levados para a Central de Flagrantes, no Farol.<\/p>\n","protected":false},"excerpt":{"rendered":"<p>Foto: reprodu\u00e7\u00e3o Dono da casa, com ajuda de amigos, conseguiu deter a a\u00e7\u00e3o dos meliantes e acionaram a pol\u00edcia Uma<\/p>\n","protected":false},"author":1,"featured_media":5376,"comment_status":"open","ping_status":"open","sticky":false,"template":"","format":"standard","meta":{"colormag_page_container_layout":"default_layout","colormag_page_sidebar_layout":"default_layout","footnotes":""},"categories":[10],"tags":[104,105,106],"class_list":["post-6190","post","type-post","status-publish","format-standard","has-post-thumbnail","hentry","category-noticias","tag-furto-no-pinheiro","tag-ladroes-presos-no-pinheiro","tag-pinheiro"],"aioseo_notices":[],"_links":{"self":[{"href":"https:\/\/portalr3.online\/index.php\/wp-json\/wp\/v2\/posts\/6190","targetHints":{"allow":["GET"]}}],"collection":[{"href":"https:\/\/portalr3.online\/index.php\/wp-json\/wp\/v2\/posts"}],"about":[{"href":"https:\/\/portalr3.online\/index.php\/wp-json\/wp\/v2\/types\/post"}],"author":[{"embeddable":true,"href":"https:\/\/portalr3.online\/index.php\/wp-json\/wp\/v2\/users\/1"}],"replies":[{"embeddable":true,"href":"https:\/\/portalr3.online\/index.php\/wp-json\/wp\/v2\/comments?post=6190"}],"version-history":[{"count":0,"href":"https:\/\/portalr3.online\/index.php\/wp-json\/wp\/v2\/posts\/6190\/revisions"}],"wp:featuredmedia":[{"embeddable":true,"href":"https:\/\/portalr3.online\/index.php\/wp-json\/"}],"wp:attachment":[{"href":"https:\/\/portalr3.online\/index.php\/wp-json\/wp\/v2\/media?parent=6190"}],"wp:term":[{"taxonomy":"category","embeddable":true,"href":"https:\/\/portalr3.online\/index.php\/wp-json\/wp\/v2\/categories?post=6190"},{"taxonomy":"post_tag","embeddable":true,"href":"https:\/\/portalr3.online\/index.php\/wp-json\/wp\/v2\/tags?post=6190"}],"curies":[{"name":"wp","href":"https:\/\/api.w.org\/{rel}","templated":true}]}}