{"id":6184,"date":"2021-05-02T12:49:15","date_gmt":"2021-05-02T15:49:15","guid":{"rendered":"https:\/\/portalnarede.com.br\/?p=6184"},"modified":"2021-05-02T12:49:15","modified_gmt":"2021-05-02T15:49:15","slug":"al-220-acidente-de-transito-deixa-casal-preso-em-ferragens-e-causa-morte-de-tres-cavalos","status":"publish","type":"post","link":"https:\/\/portalr3.online\/index.php\/2021\/05\/02\/al-220-acidente-de-transito-deixa-casal-preso-em-ferragens-e-causa-morte-de-tres-cavalos\/","title":{"rendered":"AL-220: acidente de tr\u00e2nsito deixa casal preso em ferragens e causa morte de tr\u00eas cavalos"},"content":{"rendered":"\n<p>Foto: J\u00e1\u00e9not\u00edcia<\/p>\n\n\n\n<p>Caso aconteceu no povoado Bom Jardim, em Arapiraca<\/p>\n\n\n\n<p>Um homem e uma mulher ficaram feridos e tr\u00eas cavalos morreram em um acidente de tr\u00e2nsito na AL-220, na noite deste s\u00e1bado (01). A colis\u00e3o aconteceu no povoado Bom Jardim, em Arapiraca.<\/p>\n\n\n\n<p>Segundo informa\u00e7\u00f5es do Batalh\u00e3o de Pol\u00edcia Rodovi\u00e1ria (BPRv), o homem conduzia um Fiat Uno de cor prata no sentido Limoeiro de Anadia-Arapiraca, quando atingiu os animais que estavam na pista.<\/p>\n\n\n\n<p>Em seguida, o ve\u00edculo ainda colidiu contra o \u201cguard rail\u201d (mureta met\u00e1lica localizada no acostamento da rodovia). As v\u00edtimas ficaram presas \u00e0s ferragens e foram resgatadas por bombeiros militares.<\/p>\n\n\n\n<p>O condutor e a passageira, que est\u00e1 gr\u00e1vida, foram levados em estado grave para o Hospital do Agreste.<\/p>\n","protected":false},"excerpt":{"rendered":"<p>Foto: J\u00e1\u00e9not\u00edcia Caso aconteceu no povoado Bom Jardim, em Arapiraca Um homem e uma mulher ficaram feridos e tr\u00eas cavalos<\/p>\n","protected":false},"author":1,"featured_media":6185,"comment_status":"open","ping_status":"open","sticky":false,"template":"","format":"standard","meta":{"colormag_page_container_layout":"default_layout","colormag_page_sidebar_layout":"default_layout","footnotes":""},"categories":[22],"tags":[97,98,99,100],"class_list":["post-6184","post","type-post","status-publish","format-standard","has-post-thumbnail","hentry","category-cidades","tag-acidente-arapiraca","tag-acidente-carro-cavalos","tag-acidente-de-transito","tag-acidente-limoeiro-de-anadia"],"aioseo_notices":[],"_links":{"self":[{"href":"https:\/\/portalr3.online\/index.php\/wp-json\/wp\/v2\/posts\/6184","targetHints":{"allow":["GET"]}}],"collection":[{"href":"https:\/\/portalr3.online\/index.php\/wp-json\/wp\/v2\/posts"}],"about":[{"href":"https:\/\/portalr3.online\/index.php\/wp-json\/wp\/v2\/types\/post"}],"author":[{"embeddable":true,"href":"https:\/\/portalr3.online\/index.php\/wp-json\/wp\/v2\/users\/1"}],"replies":[{"embeddable":true,"href":"https:\/\/portalr3.online\/index.php\/wp-json\/wp\/v2\/comments?post=6184"}],"version-history":[{"count":0,"href":"https:\/\/portalr3.online\/index.php\/wp-json\/wp\/v2\/posts\/6184\/revisions"}],"wp:featuredmedia":[{"embeddable":true,"href":"https:\/\/portalr3.online\/index.php\/wp-json\/wp\/v2\/media\/6185"}],"wp:attachment":[{"href":"https:\/\/portalr3.online\/index.php\/wp-json\/wp\/v2\/media?parent=6184"}],"wp:term":[{"taxonomy":"category","embeddable":true,"href":"https:\/\/portalr3.online\/index.php\/wp-json\/wp\/v2\/categories?post=6184"},{"taxonomy":"post_tag","embeddable":true,"href":"https:\/\/portalr3.online\/index.php\/wp-json\/wp\/v2\/tags?post=6184"}],"curies":[{"name":"wp","href":"https:\/\/api.w.org\/{rel}","templated":true}]}}