{"id":6180,"date":"2021-05-02T12:19:11","date_gmt":"2021-05-02T15:19:11","guid":{"rendered":"https:\/\/portalnarede.com.br\/?p=6180"},"modified":"2021-05-02T12:19:11","modified_gmt":"2021-05-02T15:19:11","slug":"tecnico-do-crb-roberto-fernandes-e-internado-por-causa-da-covid-19","status":"publish","type":"post","link":"https:\/\/portalr3.online\/index.php\/2021\/05\/02\/tecnico-do-crb-roberto-fernandes-e-internado-por-causa-da-covid-19\/","title":{"rendered":"T\u00e9cnico do CRB, Roberto Fernandes \u00e9 internado por complica\u00e7\u00f5es decorrentes da Covid-19"},"content":{"rendered":"\n<p>Informa\u00e7\u00f5es e foto: ascom CRB<\/p>\n\n\n\n<p>Treinador precisou fazer uso de oxig\u00eanio e foi internado em um hospital em Macei\u00f3<\/p>\n\n\n\n<p>A assessoria de comunica\u00e7\u00e3o do CRB informou no fim da manh\u00e3 deste domingo (2) que o t\u00e9cnico Roberto Fernandes, que havia testado positivo para \u00e0 Covid-19, precisou ser internado para fazer uso de oxig\u00eanio. O t\u00e9cnico foi hospitalizado em Macei\u00f3<\/p>\n\n\n\n<p>O clube ainda detalhou que Roberto testou positivo na \u00faltima segunda-feira (26) e passou a semana em isolamento, em sua resid\u00eancia na capital alagoana. Fernandes auxiliou a montagem do time para o confronto contra o CSA de forma remota, contribuindo com o trabalho t\u00e1tico.<\/p>\n\n\n\n<p>Ainda n\u00e3o se tem informa\u00e7\u00f5es detalhadas do caso do treinador. No entanto, ele j\u00e1 tem todo suporte m\u00e9dico para o tratamento.<\/p>\n","protected":false},"excerpt":{"rendered":"<p>Informa\u00e7\u00f5es e foto: ascom CRB Treinador precisou fazer uso de oxig\u00eanio e foi internado em um hospital em Macei\u00f3 A<\/p>\n","protected":false},"author":1,"featured_media":6181,"comment_status":"open","ping_status":"open","sticky":false,"template":"","format":"standard","meta":{"colormag_page_container_layout":"default_layout","colormag_page_sidebar_layout":"default_layout","footnotes":""},"categories":[14],"tags":[93,94,95,96],"class_list":["post-6180","post","type-post","status-publish","format-standard","has-post-thumbnail","hentry","category-esportes","tag-crb","tag-crb-roberto-fernandes","tag-roberto-fernandes-covid-19","tag-tecnico-roberto-fernandes"],"aioseo_notices":[],"_links":{"self":[{"href":"https:\/\/portalr3.online\/index.php\/wp-json\/wp\/v2\/posts\/6180","targetHints":{"allow":["GET"]}}],"collection":[{"href":"https:\/\/portalr3.online\/index.php\/wp-json\/wp\/v2\/posts"}],"about":[{"href":"https:\/\/portalr3.online\/index.php\/wp-json\/wp\/v2\/types\/post"}],"author":[{"embeddable":true,"href":"https:\/\/portalr3.online\/index.php\/wp-json\/wp\/v2\/users\/1"}],"replies":[{"embeddable":true,"href":"https:\/\/portalr3.online\/index.php\/wp-json\/wp\/v2\/comments?post=6180"}],"version-history":[{"count":0,"href":"https:\/\/portalr3.online\/index.php\/wp-json\/wp\/v2\/posts\/6180\/revisions"}],"wp:featuredmedia":[{"embeddable":true,"href":"https:\/\/portalr3.online\/index.php\/wp-json\/wp\/v2\/media\/6181"}],"wp:attachment":[{"href":"https:\/\/portalr3.online\/index.php\/wp-json\/wp\/v2\/media?parent=6180"}],"wp:term":[{"taxonomy":"category","embeddable":true,"href":"https:\/\/portalr3.online\/index.php\/wp-json\/wp\/v2\/categories?post=6180"},{"taxonomy":"post_tag","embeddable":true,"href":"https:\/\/portalr3.online\/index.php\/wp-json\/wp\/v2\/tags?post=6180"}],"curies":[{"name":"wp","href":"https:\/\/api.w.org\/{rel}","templated":true}]}}