{"id":617,"date":"2021-04-21T12:31:32","date_gmt":"2021-04-21T15:31:32","guid":{"rendered":"https:\/\/redacaolivre.com\/?p=617"},"modified":"2021-04-21T12:31:32","modified_gmt":"2021-04-21T15:31:32","slug":"flavio-bolsonaro-registra-bo-contra-ivan-valente-psol-por-denunciacao-caluniosa","status":"publish","type":"post","link":"https:\/\/portalr3.online\/index.php\/2021\/04\/21\/flavio-bolsonaro-registra-bo-contra-ivan-valente-psol-por-denunciacao-caluniosa\/","title":{"rendered":"Fl\u00e1vio Bolsonaro registra BO contra Ivan Valente (PSOL) por denuncia\u00e7\u00e3o caluniosa"},"content":{"rendered":"\n<p>O senador da Rep\u00fablica e filho mais velho do presidente Jair Bolsonaro, Fl\u00e1vio Bolsonaro, denunciou na segunda-feira (05) o deputado federal do PSOL, Ivan Valente, pela pr\u00e1tica de denuncia\u00e7\u00e3o caluniosa.<\/p>\n\n\n\n<p>De acordo com o documento, por meio de uma mat\u00e9ria veiculada na TV Globo, o senador teve conhecimento de uma investiga\u00e7\u00e3o aberta pelo Minist\u00e9rio P\u00fablico do DF e Territ\u00f3rios (MPDFT), ap\u00f3s provoca\u00e7\u00e3o do deputado psolista, que o acusou com base em \u201cinforma\u00e7\u00f5es inver\u00eddicas.\u201d<\/p>\n\n\n\n<p>Ivan Valente acusa Fl\u00e1vio de cometer o \u201cgrav\u00edssimo\u201d crime de realizar a compra de um im\u00f3vel financiado pelo Banco de Bras\u00edlia (BRB).<\/p>\n\n\n\n<p>Fl\u00e1vio acusa o deputado federal de atacar e destruir sua imagem, em uni\u00e3o com a grande m\u00eddia e toda a esquerda, que com sua forma de agir visam impor supostos crimes \u00e0 fam\u00edlia Bolsonaro.<\/p>\n\n\n\n<p>O crime de Denuncia\u00e7\u00e3o Caluniosa pode resultar em pena de reclus\u00e3o, de dois a oito anos, e multa.<\/p>\n\n\n\n<p>Em sua den\u00fancia, Fl\u00e1vio Bolsonaro evidencia tamb\u00e9m outros ataques contra sua fam\u00edlia realizados por Ivan Valente, como os dirigidos ao seu irm\u00e3o, Renan Bolsonaro.<\/p>\n\n\n\n<p>A den\u00fancia de Fl\u00e1vio Bolsonaro foi registrada na Quinta Delegacia de Pol\u00edcia Civil em Bras\u00edlia, no Distrito Federal.<\/p>\n","protected":false},"excerpt":{"rendered":"<p>O senador da Rep\u00fablica e filho mais velho do presidente Jair Bolsonaro, Fl\u00e1vio Bolsonaro, denunciou na segunda-feira (05) o deputado<\/p>\n","protected":false},"author":1,"featured_media":618,"comment_status":"closed","ping_status":"closed","sticky":false,"template":"","format":"standard","meta":{"colormag_page_container_layout":"default_layout","colormag_page_sidebar_layout":"default_layout","footnotes":""},"categories":[16],"tags":[],"class_list":["post-617","post","type-post","status-publish","format-standard","has-post-thumbnail","hentry","category-politica"],"aioseo_notices":[],"_links":{"self":[{"href":"https:\/\/portalr3.online\/index.php\/wp-json\/wp\/v2\/posts\/617","targetHints":{"allow":["GET"]}}],"collection":[{"href":"https:\/\/portalr3.online\/index.php\/wp-json\/wp\/v2\/posts"}],"about":[{"href":"https:\/\/portalr3.online\/index.php\/wp-json\/wp\/v2\/types\/post"}],"author":[{"embeddable":true,"href":"https:\/\/portalr3.online\/index.php\/wp-json\/wp\/v2\/users\/1"}],"replies":[{"embeddable":true,"href":"https:\/\/portalr3.online\/index.php\/wp-json\/wp\/v2\/comments?post=617"}],"version-history":[{"count":0,"href":"https:\/\/portalr3.online\/index.php\/wp-json\/wp\/v2\/posts\/617\/revisions"}],"wp:featuredmedia":[{"embeddable":true,"href":"https:\/\/portalr3.online\/index.php\/wp-json\/wp\/v2\/media\/618"}],"wp:attachment":[{"href":"https:\/\/portalr3.online\/index.php\/wp-json\/wp\/v2\/media?parent=617"}],"wp:term":[{"taxonomy":"category","embeddable":true,"href":"https:\/\/portalr3.online\/index.php\/wp-json\/wp\/v2\/categories?post=617"},{"taxonomy":"post_tag","embeddable":true,"href":"https:\/\/portalr3.online\/index.php\/wp-json\/wp\/v2\/tags?post=617"}],"curies":[{"name":"wp","href":"https:\/\/api.w.org\/{rel}","templated":true}]}}