{"id":6156,"date":"2021-05-01T16:07:47","date_gmt":"2021-05-01T19:07:47","guid":{"rendered":"https:\/\/portalnarede.com.br\/?p=6156"},"modified":"2021-05-01T16:07:47","modified_gmt":"2021-05-01T19:07:47","slug":"video-motorista-bate-em-cavalo-perde-o-controle-e-colide-com-carro-da-equatorial-e-um-motociclista-na-al-103","status":"publish","type":"post","link":"https:\/\/portalr3.online\/index.php\/2021\/05\/01\/video-motorista-bate-em-cavalo-perde-o-controle-e-colide-com-carro-da-equatorial-e-um-motociclista-na-al-103\/","title":{"rendered":"V\u00eddeo: motorista bate em cavalo, perde o controle e colide com carro da Equatorial e um motociclista; na AL-103"},"content":{"rendered":"\n<p>Acidente aconteceu por volta das 17h45 dessa sexta-feira (30)<\/p>\n\n\n\n<p>Um motorista de um Siena bateu em um cavalo, perdeu o controle e acabou colidindo com um carro da Equatorial e um motociclista na AL-130, sentido Po\u00e7o das Trincheiras, nesta sexta-feira (30). O acidente ocorreu por volta de 17h45 da tarde.<\/p>\n\n\n\n<p>As imagens de cinegrafistas amadores mostram que, apesar de todo dano material, n\u00e3o houve v\u00edtimas fatais. \u00c9 poss\u00edvel ainda ouvir relatos de que o motorista que causou o acidente estava bem. O motociclista se encontra imobilizado mas aparenta estar consciente.<\/p>\n\n\n\n<p>A assessoria de comunica\u00e7\u00e3o da Equatorial informou que os t\u00e9cnicos receberam os atendimentos necess\u00e1rios e passam bem.<\/p>\n\n\n\n<figure class=\"wp-block-video\"><video height=\"352\" style=\"aspect-ratio: 640 \/ 352;\" width=\"640\" controls src=\"https:\/\/portalnarede.com.br\/wp-content\/uploads\/2021\/05\/WhatsApp-Video-2021-05-01-at-15.29.57-1.mp4\"><\/video><\/figure>\n\n\n\n<figure class=\"wp-block-video\"><video height=\"352\" style=\"aspect-ratio: 640 \/ 352;\" width=\"640\" controls src=\"https:\/\/portalnarede.com.br\/wp-content\/uploads\/2021\/05\/WhatsApp-Video-2021-05-01-at-15.29.58-1-1.mp4\"><\/video><\/figure>\n\n\n\n<figure class=\"wp-block-video\"><video height=\"352\" style=\"aspect-ratio: 640 \/ 352;\" width=\"640\" controls src=\"https:\/\/portalnarede.com.br\/wp-content\/uploads\/2021\/05\/WhatsApp-Video-2021-05-01-at-15.29.58-2.mp4\"><\/video><\/figure>\n","protected":false},"excerpt":{"rendered":"<p>Acidente aconteceu por volta das 17h45 dessa sexta-feira (30) Um motorista de um Siena bateu em um cavalo, perdeu o<\/p>\n","protected":false},"author":1,"featured_media":6157,"comment_status":"open","ping_status":"open","sticky":false,"template":"","format":"standard","meta":{"colormag_page_container_layout":"default_layout","colormag_page_sidebar_layout":"default_layout","footnotes":""},"categories":[10],"tags":[53,75,76,77],"class_list":["post-6156","post","type-post","status-publish","format-standard","has-post-thumbnail","hentry","category-noticias","tag-acidente","tag-acidente-poco-das-trincheiras","tag-acidentes","tag-batida"],"aioseo_notices":[],"_links":{"self":[{"href":"https:\/\/portalr3.online\/index.php\/wp-json\/wp\/v2\/posts\/6156","targetHints":{"allow":["GET"]}}],"collection":[{"href":"https:\/\/portalr3.online\/index.php\/wp-json\/wp\/v2\/posts"}],"about":[{"href":"https:\/\/portalr3.online\/index.php\/wp-json\/wp\/v2\/types\/post"}],"author":[{"embeddable":true,"href":"https:\/\/portalr3.online\/index.php\/wp-json\/wp\/v2\/users\/1"}],"replies":[{"embeddable":true,"href":"https:\/\/portalr3.online\/index.php\/wp-json\/wp\/v2\/comments?post=6156"}],"version-history":[{"count":0,"href":"https:\/\/portalr3.online\/index.php\/wp-json\/wp\/v2\/posts\/6156\/revisions"}],"wp:featuredmedia":[{"embeddable":true,"href":"https:\/\/portalr3.online\/index.php\/wp-json\/wp\/v2\/media\/6157"}],"wp:attachment":[{"href":"https:\/\/portalr3.online\/index.php\/wp-json\/wp\/v2\/media?parent=6156"}],"wp:term":[{"taxonomy":"category","embeddable":true,"href":"https:\/\/portalr3.online\/index.php\/wp-json\/wp\/v2\/categories?post=6156"},{"taxonomy":"post_tag","embeddable":true,"href":"https:\/\/portalr3.online\/index.php\/wp-json\/wp\/v2\/tags?post=6156"}],"curies":[{"name":"wp","href":"https:\/\/api.w.org\/{rel}","templated":true}]}}