{"id":6153,"date":"2021-05-01T14:15:27","date_gmt":"2021-05-01T17:15:27","guid":{"rendered":"https:\/\/portalnarede.com.br\/?p=6153"},"modified":"2021-05-01T14:15:27","modified_gmt":"2021-05-01T17:15:27","slug":"matriz-incendio-destroi-salas-de-aula-de-escola-publica","status":"publish","type":"post","link":"https:\/\/portalr3.online\/index.php\/2021\/05\/01\/matriz-incendio-destroi-salas-de-aula-de-escola-publica\/","title":{"rendered":"Matriz: Inc\u00eandio destr\u00f3i salas de aula de escola p\u00fablica"},"content":{"rendered":"\n<p>Foto: reprodu\u00e7\u00e3o <\/p>\n\n\n\n<p>Fogo destruiu 6 salas de aula por completo<\/p>\n\n\n\n<p>Um inc\u00eandio destruiu a Escola Municipal Senador Arnon de Mello, que fica no munic\u00edpio de Matriz de Camaragibe. O Corpo de Bombeiros Militar foi acionado no in\u00edcio da madrugada deste s\u00e1bado (01).<\/p>\n\n\n\n<p>As chamas destru\u00edram totalmente seis salas de aula e todos os equipamentos que estavam dentro delas al\u00e9m de documentos e registros de atividades educacionais.<\/p>\n\n\n\n<p>Segundo informa\u00e7\u00f5es repassadas \u00e0 imprensa pelo CBMAL, quando os militares chegaram ao local, j\u00e1 havia se iniciado o combate ao fogo pelo caminh\u00e3o da Usina de Matriz de Camaragibe. Em seguida a guarni\u00e7\u00e3o assumiu a ocorr\u00eancia, realizando a extin\u00e7\u00e3o do fogo e o rescaldo.<\/p>\n\n\n\n<p>N\u00e3o h\u00e1 registro de v\u00edtimas e as causas do inc\u00eandio ser\u00e3o investigadas.<\/p>\n","protected":false},"excerpt":{"rendered":"<p>Foto: reprodu\u00e7\u00e3o Fogo destruiu 6 salas de aula por completo Um inc\u00eandio destruiu a Escola Municipal Senador Arnon de Mello,<\/p>\n","protected":false},"author":1,"featured_media":6154,"comment_status":"open","ping_status":"open","sticky":false,"template":"","format":"standard","meta":{"colormag_page_container_layout":"default_layout","colormag_page_sidebar_layout":"default_layout","footnotes":""},"categories":[22],"tags":[71,72,73,74],"class_list":["post-6153","post","type-post","status-publish","format-standard","has-post-thumbnail","hentry","category-cidades","tag-escola-matriz-fogo","tag-fogo-escola","tag-fogo-escola-matriz","tag-matriz-fogo"],"aioseo_notices":[],"_links":{"self":[{"href":"https:\/\/portalr3.online\/index.php\/wp-json\/wp\/v2\/posts\/6153","targetHints":{"allow":["GET"]}}],"collection":[{"href":"https:\/\/portalr3.online\/index.php\/wp-json\/wp\/v2\/posts"}],"about":[{"href":"https:\/\/portalr3.online\/index.php\/wp-json\/wp\/v2\/types\/post"}],"author":[{"embeddable":true,"href":"https:\/\/portalr3.online\/index.php\/wp-json\/wp\/v2\/users\/1"}],"replies":[{"embeddable":true,"href":"https:\/\/portalr3.online\/index.php\/wp-json\/wp\/v2\/comments?post=6153"}],"version-history":[{"count":0,"href":"https:\/\/portalr3.online\/index.php\/wp-json\/wp\/v2\/posts\/6153\/revisions"}],"wp:featuredmedia":[{"embeddable":true,"href":"https:\/\/portalr3.online\/index.php\/wp-json\/wp\/v2\/media\/6154"}],"wp:attachment":[{"href":"https:\/\/portalr3.online\/index.php\/wp-json\/wp\/v2\/media?parent=6153"}],"wp:term":[{"taxonomy":"category","embeddable":true,"href":"https:\/\/portalr3.online\/index.php\/wp-json\/wp\/v2\/categories?post=6153"},{"taxonomy":"post_tag","embeddable":true,"href":"https:\/\/portalr3.online\/index.php\/wp-json\/wp\/v2\/tags?post=6153"}],"curies":[{"name":"wp","href":"https:\/\/api.w.org\/{rel}","templated":true}]}}