{"id":6151,"date":"2021-05-01T14:04:39","date_gmt":"2021-05-01T17:04:39","guid":{"rendered":"https:\/\/portalnarede.com.br\/?p=6151"},"modified":"2021-05-01T14:04:39","modified_gmt":"2021-05-01T17:04:39","slug":"populacao-imobiliza-suspeito-de-furto-de-moto-no-bairro-do-clima-bom","status":"publish","type":"post","link":"https:\/\/portalr3.online\/index.php\/2021\/05\/01\/populacao-imobiliza-suspeito-de-furto-de-moto-no-bairro-do-clima-bom\/","title":{"rendered":"Popula\u00e7\u00e3o imobiliza suspeito de furto de moto no bairro do Clima Bom"},"content":{"rendered":"\n<p>Homem teria tentado roubar uma moto utilizando uma tesoura<\/p>\n\n\n\n<p>Um homem de 23 anos, suspeito de furtar uma moto no bairro do Clima Bom, em Macei\u00f3, foi detido e agredido por populares na madrugada deste domingo (1). A pol\u00edcia foi acionada e adotou as provid\u00eancias cab\u00edveis.<\/p>\n\n\n\n<p>De acordo com o relat\u00f3rio do Centro Integrado de Opera\u00e7\u00f5es da Seguran\u00e7a P\u00fablica (Ciosp), os militares se depararam com o suspeito embriagado, lesionado e imobilizado pela popula\u00e7\u00e3o. Com ele, foi apreendida uma tesoura que teria sido utilizada para destravar o guid\u00e3o da moto furtada.<\/p>\n\n\n\n<p>Ap\u00f3s recusar atendimento m\u00e9dico, o suspeito foi levado at\u00e9 a Central de Flagrantes, onde foi feito o autuado por furto qualificado com emprego de chave falsa.<\/p>\n","protected":false},"excerpt":{"rendered":"<p>Homem teria tentado roubar uma moto utilizando uma tesoura Um homem de 23 anos, suspeito de furtar uma moto no<\/p>\n","protected":false},"author":1,"featured_media":5830,"comment_status":"open","ping_status":"open","sticky":false,"template":"","format":"standard","meta":{"colormag_page_container_layout":"default_layout","colormag_page_sidebar_layout":"default_layout","footnotes":""},"categories":[10],"tags":[67,68,69,70],"class_list":["post-6151","post","type-post","status-publish","format-standard","has-post-thumbnail","hentry","category-noticias","tag-ladrao-de-moto","tag-ladrao-de-moto-espancado","tag-ladrao-de-moto-imobilizado","tag-ladrao-de-moto-preso"],"aioseo_notices":[],"_links":{"self":[{"href":"https:\/\/portalr3.online\/index.php\/wp-json\/wp\/v2\/posts\/6151","targetHints":{"allow":["GET"]}}],"collection":[{"href":"https:\/\/portalr3.online\/index.php\/wp-json\/wp\/v2\/posts"}],"about":[{"href":"https:\/\/portalr3.online\/index.php\/wp-json\/wp\/v2\/types\/post"}],"author":[{"embeddable":true,"href":"https:\/\/portalr3.online\/index.php\/wp-json\/wp\/v2\/users\/1"}],"replies":[{"embeddable":true,"href":"https:\/\/portalr3.online\/index.php\/wp-json\/wp\/v2\/comments?post=6151"}],"version-history":[{"count":0,"href":"https:\/\/portalr3.online\/index.php\/wp-json\/wp\/v2\/posts\/6151\/revisions"}],"wp:featuredmedia":[{"embeddable":true,"href":"https:\/\/portalr3.online\/index.php\/wp-json\/"}],"wp:attachment":[{"href":"https:\/\/portalr3.online\/index.php\/wp-json\/wp\/v2\/media?parent=6151"}],"wp:term":[{"taxonomy":"category","embeddable":true,"href":"https:\/\/portalr3.online\/index.php\/wp-json\/wp\/v2\/categories?post=6151"},{"taxonomy":"post_tag","embeddable":true,"href":"https:\/\/portalr3.online\/index.php\/wp-json\/wp\/v2\/tags?post=6151"}],"curies":[{"name":"wp","href":"https:\/\/api.w.org\/{rel}","templated":true}]}}