{"id":6136,"date":"2021-05-01T11:00:38","date_gmt":"2021-05-01T14:00:38","guid":{"rendered":"https:\/\/portalnarede.com.br\/?p=6136"},"modified":"2021-05-01T11:00:38","modified_gmt":"2021-05-01T14:00:38","slug":"motociclista-morre-na-al-220-apos-colisao-com-caminhonete","status":"publish","type":"post","link":"https:\/\/portalr3.online\/index.php\/2021\/05\/01\/motociclista-morre-na-al-220-apos-colisao-com-caminhonete\/","title":{"rendered":"Motociclista morre na AL-220 ap\u00f3s colis\u00e3o com caminhonete"},"content":{"rendered":"\n<p>*Jo\u00e3o Pedro Magnani _ estagi\u00e1rio sob supervis\u00e3o<\/p>\n\n\n\n<p>*Imagem: BPRV<\/p>\n\n\n\n<p>Um motociclista morreu na AL-220 na noite dessa sexta-feira (30). De acordo com os agentes do Batalh\u00e3o de Pol\u00edcia Rodovi\u00e1ria (BPRv), o acidente envolveu uma caminhonete e a moto da v\u00edtima. A colis\u00e3o se deu em um parte da rodovia situada entre os munic\u00edpios de Monteir\u00f3polis e Jacar\u00e9 dos Homens.<\/p>\n\n\n\n<p>A v\u00edtima, Jos\u00e9 Rob\u00e9rio Maciel da Silva, de 44 anos, veio a \u00f3bito no local, antes mesmo dos primeiros socorros.<\/p>\n\n\n\n<p>Jos\u00e9 conduzia uma motocicleta Yamaha\/Factor YBR 125 e segui sentido o munic\u00edpio de Monteir\u00f3polis, quando recebeu o impacto, na parte traseira, de uma caminhonete Nissan Frontier.<\/p>\n\n\n\n<p>O condutor da caminhonete, que n\u00e3o teve a identidade divulgada, se evadiu do local sem prestar socorro.<\/p>\n\n\n\n<p>Uma equipe do Instituto M\u00e9dico Legal (IML), al\u00e9m dos agentes da pol\u00edcia, se fez presente e realizou os procedimentos cab\u00edveis.<\/p>\n","protected":false},"excerpt":{"rendered":"<p>*Jo\u00e3o Pedro Magnani _ estagi\u00e1rio sob supervis\u00e3o *Imagem: BPRV Um motociclista morreu na AL-220 na noite dessa sexta-feira (30). De<\/p>\n","protected":false},"author":1,"featured_media":6137,"comment_status":"open","ping_status":"open","sticky":false,"template":"","format":"standard","meta":{"colormag_page_container_layout":"default_layout","colormag_page_sidebar_layout":"default_layout","footnotes":""},"categories":[10],"tags":[53,54,55,56,57,58],"class_list":["post-6136","post","type-post","status-publish","format-standard","has-post-thumbnail","hentry","category-noticias","tag-acidente","tag-caminhao","tag-colisao","tag-morto","tag-moto","tag-motociclista"],"aioseo_notices":[],"_links":{"self":[{"href":"https:\/\/portalr3.online\/index.php\/wp-json\/wp\/v2\/posts\/6136","targetHints":{"allow":["GET"]}}],"collection":[{"href":"https:\/\/portalr3.online\/index.php\/wp-json\/wp\/v2\/posts"}],"about":[{"href":"https:\/\/portalr3.online\/index.php\/wp-json\/wp\/v2\/types\/post"}],"author":[{"embeddable":true,"href":"https:\/\/portalr3.online\/index.php\/wp-json\/wp\/v2\/users\/1"}],"replies":[{"embeddable":true,"href":"https:\/\/portalr3.online\/index.php\/wp-json\/wp\/v2\/comments?post=6136"}],"version-history":[{"count":0,"href":"https:\/\/portalr3.online\/index.php\/wp-json\/wp\/v2\/posts\/6136\/revisions"}],"wp:featuredmedia":[{"embeddable":true,"href":"https:\/\/portalr3.online\/index.php\/wp-json\/wp\/v2\/media\/6137"}],"wp:attachment":[{"href":"https:\/\/portalr3.online\/index.php\/wp-json\/wp\/v2\/media?parent=6136"}],"wp:term":[{"taxonomy":"category","embeddable":true,"href":"https:\/\/portalr3.online\/index.php\/wp-json\/wp\/v2\/categories?post=6136"},{"taxonomy":"post_tag","embeddable":true,"href":"https:\/\/portalr3.online\/index.php\/wp-json\/wp\/v2\/tags?post=6136"}],"curies":[{"name":"wp","href":"https:\/\/api.w.org\/{rel}","templated":true}]}}