{"id":6123,"date":"2021-05-01T10:02:14","date_gmt":"2021-05-01T13:02:14","guid":{"rendered":"https:\/\/portalnarede.com.br\/?p=6123"},"modified":"2021-05-01T10:02:14","modified_gmt":"2021-05-01T13:02:14","slug":"mp-expressa-preocupacao-com-inseguranca-sanitaria-e-questiona-competencia-do-municipio-de-maceio-apos-flexibilizacao-do-funcionamento-de-saloes-e-buffets-infantis","status":"publish","type":"post","link":"https:\/\/portalr3.online\/index.php\/2021\/05\/01\/mp-expressa-preocupacao-com-inseguranca-sanitaria-e-questiona-competencia-do-municipio-de-maceio-apos-flexibilizacao-do-funcionamento-de-saloes-e-buffets-infantis\/","title":{"rendered":"MP questiona seguran\u00e7a sanit\u00e1ria e compet\u00eancia do Munic\u00edpio de Macei\u00f3 em portaria que flexibiliza funcionamento de sal\u00f5es e buffets infantis"},"content":{"rendered":"\n<p><strong><em>Portaria da Prefeitura autorizou eventos desses estabelecimentos com 50% da capacidade entre \u00e0s 11h e 20h<\/em><\/strong><\/p>\n\n\n\n<p>*Com informa\u00e7\u00f5es e foto: assessoria<\/p>\n\n\n\n<p>O Minist\u00e9rio P\u00fablico de Alagoas expressou preocupa\u00e7\u00e3o com o que classificou de inseguran\u00e7a sanit\u00e1ria da Portaria n.\u00ba 031\/2021 da Secretaria Municipal de Seguran\u00e7a Comunit\u00e1ria e Conv\u00edvio Social (SEMSCS), do Munic\u00edpio de Macei\u00f3, autorizando o funcionamento de sal\u00f5es de festas e buffets infantis com atendimento de 50% da capacidade. Em nota, o \u00f3rg\u00e3o tamb\u00e9m apontou inseguran\u00e7a jur\u00eddica, frisando que a Prefeitura somente poderia exercer a compet\u00eancia concorrente ao decreto Estadual para a restri\u00e7\u00e3o, e n\u00e3o abrandamento, das medidas das normas de combate \u00e0 pandemia, sempre no sentido mais favor\u00e1vel \u00e0 sa\u00fade.<\/p>\n\n\n\n<p>A nota assinada pelo procurador-geral de Justi\u00e7a, M\u00e1rcio Roberto Ten\u00f3rio de Albuquerque, e da For\u00e7a-Tarefa do MPAL, destaca que, conforme j\u00e1 sedimentado pelo Supremo Tribunal Federal, \u00e9 assegurado o exerc\u00edcio da compet\u00eancia concorrente dos estados, distrito federal e munic\u00edpios, cada qual no exerc\u00edcio de suas atribui\u00e7\u00f5es e no \u00e2mbito de seus respectivos territ\u00f3rios, desde que para a ado\u00e7\u00e3o ou manuten\u00e7\u00e3o de medidas restritivas legalmente permitidas durante a pandemia. Em outras palavras, n\u00e3o caberia ao Munic\u00edpio de Macei\u00f3 flexibilizar as medidas das normas de combate \u00e0 pandemia, &nbsp;apenas aplicar maiores restri\u00e7\u00f5es, caso necess\u00e1rio.<\/p>\n\n\n\n<p>\u201cO afastamento, pelo Munic\u00edpio de Macei\u00f3, das medidas previstas no Decreto Estadual n.\u00ba 74.145\/21, publicado no Di\u00e1rio Oficial do dia 27 de abril, representa o esvaziamento de decis\u00f5es gerais protetivas havidas pelo Poder Executivo Estadual, o que coloca em risco estrat\u00e9gias sanit\u00e1rias regionais, maculando, ademais, programa\u00e7\u00e3o para o in\u00edcio ou manuten\u00e7\u00e3o do funcionamento de atividades fundamentais e essenciais, ainda restringidas pela pandemia. Por essa raz\u00e3o, a Portaria n.\u00ba 031\/2021, do Munic\u00edpio de Macei\u00f3, representa desvio\/excesso da compet\u00eancia concorrente municipal, padecendo de v\u00edcio inconteste de inconstitucionalidade\u201d, frisa um trecho da nota.<\/p>\n\n\n\n<p><br>Para se garantir o respeito ao regramento protetivo estadual o Minist\u00e9rio P\u00fablico ainda ressaltou na nota ser imprescind\u00edvel a fiscaliza\u00e7\u00e3o ostensiva exercida pela Secretaria de Seguran\u00e7a P\u00fablica Estadual, atrav\u00e9s das Pol\u00edcias Civil e Militar, com a devida aplica\u00e7\u00e3o das reprimendas legais.<\/p>\n\n\n\n<p>Segundo a portaria do Munic\u00edpio de Macei\u00f3, sal\u00f5es de festas e buffets infantis est\u00e3o autorizados a funcionar com 50% da capacidade. O hor\u00e1rio de funcionamento permitido \u00e9 das 11h \u00e0s 20h. Os locais devem seguir os protocolos sanit\u00e1rios e as medidas de distanciamento social para reduzir o risco de transmiss\u00e3o da Covid-19.<\/p>\n\n\n\n<p>A publica\u00e7\u00e3o, que entrou em vigor nesta sexta, ainda informa que o descumprimento das regras vai acarretar em san\u00e7\u00f5es administrativas previstas em Lei Municipal.<\/p>\n\n\n\n<p>Confira o que disse o procurador-geral de Justi\u00e7a:<\/p>\n\n\n\n<figure class=\"wp-block-video\"><video controls src=\"blob:https:\/\/portalnarede.com.br\/1b775cf0-98b9-4e68-9978-4f61ed1b08fc\"><\/video><\/figure>\n","protected":false},"excerpt":{"rendered":"<p>Portaria da Prefeitura autorizou eventos desses estabelecimentos com 50% da capacidade entre \u00e0s 11h e 20h *Com informa\u00e7\u00f5es e foto:<\/p>\n","protected":false},"author":1,"featured_media":2422,"comment_status":"open","ping_status":"open","sticky":false,"template":"","format":"standard","meta":{"colormag_page_container_layout":"default_layout","colormag_page_sidebar_layout":"default_layout","footnotes":""},"categories":[10],"tags":[34,35,36,37,38,39,40,41],"class_list":["post-6123","post","type-post","status-publish","format-standard","has-post-thumbnail","hentry","category-noticias","tag-buffets","tag-flexibilizacao","tag-infantis","tag-maceio","tag-mp","tag-prefeitura","tag-questiona","tag-saloes"],"aioseo_notices":[],"_links":{"self":[{"href":"https:\/\/portalr3.online\/index.php\/wp-json\/wp\/v2\/posts\/6123","targetHints":{"allow":["GET"]}}],"collection":[{"href":"https:\/\/portalr3.online\/index.php\/wp-json\/wp\/v2\/posts"}],"about":[{"href":"https:\/\/portalr3.online\/index.php\/wp-json\/wp\/v2\/types\/post"}],"author":[{"embeddable":true,"href":"https:\/\/portalr3.online\/index.php\/wp-json\/wp\/v2\/users\/1"}],"replies":[{"embeddable":true,"href":"https:\/\/portalr3.online\/index.php\/wp-json\/wp\/v2\/comments?post=6123"}],"version-history":[{"count":0,"href":"https:\/\/portalr3.online\/index.php\/wp-json\/wp\/v2\/posts\/6123\/revisions"}],"wp:featuredmedia":[{"embeddable":true,"href":"https:\/\/portalr3.online\/index.php\/wp-json\/"}],"wp:attachment":[{"href":"https:\/\/portalr3.online\/index.php\/wp-json\/wp\/v2\/media?parent=6123"}],"wp:term":[{"taxonomy":"category","embeddable":true,"href":"https:\/\/portalr3.online\/index.php\/wp-json\/wp\/v2\/categories?post=6123"},{"taxonomy":"post_tag","embeddable":true,"href":"https:\/\/portalr3.online\/index.php\/wp-json\/wp\/v2\/tags?post=6123"}],"curies":[{"name":"wp","href":"https:\/\/api.w.org\/{rel}","templated":true}]}}