{"id":611,"date":"2021-04-21T12:28:31","date_gmt":"2021-04-21T15:28:31","guid":{"rendered":"https:\/\/redacaolivre.com\/?p=611"},"modified":"2021-04-21T12:28:31","modified_gmt":"2021-04-21T15:28:31","slug":"subprocuradora-lindora-araujo-ordena-que-estados-prestem-contas-sobre-repasses-federais","status":"publish","type":"post","link":"https:\/\/portalr3.online\/index.php\/2021\/04\/21\/subprocuradora-lindora-araujo-ordena-que-estados-prestem-contas-sobre-repasses-federais\/","title":{"rendered":"Subprocuradora Lind\u00f4ra Ara\u00fajo ordena que Estados prestem contas sobre repasses federais"},"content":{"rendered":"\n<p>A subprocuradora-geral da Rep\u00fablica Lind\u00f4ra Ara\u00fajo, do Minist\u00e9rio P\u00fablico Federal (MPF), questionou nesta segunda-feira (19) os governadores estaduais sobre os repasses recebidos do Governo Federal para o enfrentamento \u00e0 Covid-19.<\/p>\n\n\n\n<p>Lind\u00f4ra Ara\u00fajo questiona as autoridades estaduais sobre a utiliza\u00e7\u00e3o da verba para hospitais de campanha, al\u00e9m da rela\u00e7\u00e3o de insumos e equipamentos das estruturas desativadas.<\/p>\n\n\n\n<p>A subprocuradora-geral exige que o relat\u00f3rio seja detalhado, informando os valores repassados e a quantia redistribu\u00edda aos munic\u00edpios, al\u00e9m da comprova\u00e7\u00e3o da destina\u00e7\u00e3o de bens e valores.<\/p>\n\n\n\n<p>Para averiguar se toda a verba chegou ao seu destino, o MPF tamb\u00e9m exigiu do governo federal os dados das quantias repassadas, para ser feito uma compara\u00e7\u00e3o com as informa\u00e7\u00f5es que os dois lados informarem.<\/p>\n\n\n\n<p>No documento, Ara\u00fajo pede ainda que os governadores justifiquem por que houve a desativa\u00e7\u00e3o de diversos hospitais de campanha constru\u00eddos em 2020, uma vez que a pandemia continua at\u00e9 os dias de hoje.<\/p>\n\n\n\n<p>O of\u00edcio j\u00e1 havia sido encaminhado aos governadores ainda em 12 de mar\u00e7o, por\u00e9m, para a subprocuradora-geral, as informa\u00e7\u00f5es eram insuficientes. Com o atual requerimento, Ara\u00fajo ordena que os estados entreguem os dados complementares no prazo de cinco dias.<\/p>\n","protected":false},"excerpt":{"rendered":"<p>A subprocuradora-geral da Rep\u00fablica Lind\u00f4ra Ara\u00fajo, do Minist\u00e9rio P\u00fablico Federal (MPF), questionou nesta segunda-feira (19) os governadores estaduais sobre os<\/p>\n","protected":false},"author":1,"featured_media":612,"comment_status":"closed","ping_status":"closed","sticky":false,"template":"","format":"standard","meta":{"colormag_page_container_layout":"default_layout","colormag_page_sidebar_layout":"default_layout","footnotes":""},"categories":[16],"tags":[],"class_list":["post-611","post","type-post","status-publish","format-standard","has-post-thumbnail","hentry","category-politica"],"aioseo_notices":[],"_links":{"self":[{"href":"https:\/\/portalr3.online\/index.php\/wp-json\/wp\/v2\/posts\/611","targetHints":{"allow":["GET"]}}],"collection":[{"href":"https:\/\/portalr3.online\/index.php\/wp-json\/wp\/v2\/posts"}],"about":[{"href":"https:\/\/portalr3.online\/index.php\/wp-json\/wp\/v2\/types\/post"}],"author":[{"embeddable":true,"href":"https:\/\/portalr3.online\/index.php\/wp-json\/wp\/v2\/users\/1"}],"replies":[{"embeddable":true,"href":"https:\/\/portalr3.online\/index.php\/wp-json\/wp\/v2\/comments?post=611"}],"version-history":[{"count":0,"href":"https:\/\/portalr3.online\/index.php\/wp-json\/wp\/v2\/posts\/611\/revisions"}],"wp:featuredmedia":[{"embeddable":true,"href":"https:\/\/portalr3.online\/index.php\/wp-json\/wp\/v2\/media\/612"}],"wp:attachment":[{"href":"https:\/\/portalr3.online\/index.php\/wp-json\/wp\/v2\/media?parent=611"}],"wp:term":[{"taxonomy":"category","embeddable":true,"href":"https:\/\/portalr3.online\/index.php\/wp-json\/wp\/v2\/categories?post=611"},{"taxonomy":"post_tag","embeddable":true,"href":"https:\/\/portalr3.online\/index.php\/wp-json\/wp\/v2\/tags?post=611"}],"curies":[{"name":"wp","href":"https:\/\/api.w.org\/{rel}","templated":true}]}}