{"id":598,"date":"2021-04-20T16:44:08","date_gmt":"2021-04-20T19:44:08","guid":{"rendered":"https:\/\/redacaolivre.com\/?p=598"},"modified":"2021-04-20T16:44:08","modified_gmt":"2021-04-20T19:44:08","slug":"deputados-denunciam-barroso-por-abuso-de-autoridade","status":"publish","type":"post","link":"https:\/\/portalr3.online\/index.php\/2021\/04\/20\/deputados-denunciam-barroso-por-abuso-de-autoridade\/","title":{"rendered":"Deputados denunciam Barroso por abuso de autoridade"},"content":{"rendered":"\n<p>Os deputados federais Carlos Jordy e Filipe Barros protocolaram na Procuradoria-Geral da Rep\u00fablica (PGR), nesta sexta-feira (09), uma representa\u00e7\u00e3o contra o ministro Lu\u00eds Roberto Barroso, do Supremo Tribunal Federal (STF), por abuso de autoridade.<\/p>\n\n\n\n<p>\u201cEstou representando na PGR, junto com o deputado Felipe Barros (@filipebarrost), contra Barroso para que seja denunciado por abuso de autoridade. Estamos acionando ainda a AGU p\/ q protocole pedido de impeachment contra o Ministro por atividade pol\u00edtico-partid\u00e1ria\u201d, disse Jordy em uma publica\u00e7\u00e3o em seu perfil no Twitter.<\/p>\n\n\n\n<p>\u201cSer\u00e1 que o Senador Rodrigo Pacheco (@rpsenador) se curvar\u00e1 ao STF?\u201d, completou.<\/p>\n\n\n\n<p>Segundo o Minist\u00e9rio P\u00fablico Federal (MPF), a Representa\u00e7\u00e3o \u00e9 o ato que leva ao conhecimento do Minist\u00e9rio um fato il\u00edcito ou irregularidade, para que a ado\u00e7\u00e3o de provid\u00eancias sobre as den\u00fancias possam ser tomadas.<\/p>\n\n\n\n<p>Conforme o Ter\u00e7a Livre\u00a0<strong>noticiou<\/strong>, Barroso determinou ontem (08) que o Senado Federal instale uma \u2018Comiss\u00e3o Parlamentar de Inqu\u00e9rito (CPI) da Covid\u2019.<\/p>\n\n\n\n<p>O ministro atendeu a um pedido do feito pelos senadores Alessandro Vieira (Cidadania-SE) e Jorge Kajuru (Cidadania-GO).<\/p>\n\n\n\n<p>De acordo com o\u00a0<strong>site oficial do Senado<\/strong>, as CPIs podem ser criadas por requerimento de um ter\u00e7o dos respectivos parlamentares do Congresso Nacional ou de cada uma de suas Casas (Senado\/C\u00e2mara dos Deputados).<\/p>\n\n\n\n<p>Com a decis\u00e3o monocr\u00e1tica, o ministro Barroso supostamente cometeu abuso de autoridade, ao determinar a cria\u00e7\u00e3o de uma CPI, indicando que somente o Governo Federal seria investigado.<\/p>\n\n\n\n<p>A a\u00e7\u00e3o evidencia mais uma decis\u00e3o jur\u00eddica do STF contra o governo de Jair Bolsonaro, que destinou bilh\u00f5es de reais a estados e munic\u00edpios para o combate \u00e0 pandemia da Covid-19.<\/p>\n\n\n\n<p>Nesta manh\u00e3, o presidente da Rep\u00fablica reagiu \u00e0 decis\u00e3o. \u201cEles (ministro do STF) n\u00e3o querem saber o que aconteceu com os bilh\u00f5es desviados por alguns governadores e alguns poucos prefeitos tamb\u00e9m\u201d, declarou Bolsonaro.<\/p>\n\n\n\n<p>\u201cAgora, detalhe: dentro do Senado tem processo de impeachment contra ministro do STF. Eu quero saber se o Barroso vai ter coragem moral de mandar instalar esse processo de impeachment tamb\u00e9m. Pelo que me parece falta coragem moral do Barroso e sobra ativismo judicial.\u201d<\/p>\n\n\n\n<p>\u201cBarroso, n\u00f3s conhecemos seu passado, sua vida, o que voc\u00ea sempre defendeu, como chegou ao STF, inclusive defendendo o terrorista Cesare Battisti. Ent\u00e3o, usa a sua caneta em defesa da vida e do povo brasileiro\u201d, continuou o chefe do Poder Executivo.<\/p>\n\n\n\n<p>Ap\u00f3s a declara\u00e7\u00e3o do presidente, a hashtag\u00a0<strong>Vou Para Guerra com Bolsonaro<\/strong>\u00a0ficou em 1\u00ba nos trends topics do Twitter, apontando um apoio popular a Jair Bolsonaro.<\/p>\n\n\n\n<p>A hashtag em protesto ao senador Jorge Kajuru\u00a0<strong>(Kajuru Traidor)<\/strong>, um dos autores do pedido de cria\u00e7\u00e3o da CPI no STF, tamb\u00e9m est\u00e1 nos t\u00f3picos de mais tuitados da rede social.<\/p>\n","protected":false},"excerpt":{"rendered":"<p>Os deputados federais Carlos Jordy e Filipe Barros protocolaram na Procuradoria-Geral da Rep\u00fablica (PGR), nesta sexta-feira (09), uma representa\u00e7\u00e3o contra<\/p>\n","protected":false},"author":1,"featured_media":599,"comment_status":"closed","ping_status":"closed","sticky":false,"template":"","format":"standard","meta":{"colormag_page_container_layout":"default_layout","colormag_page_sidebar_layout":"default_layout","footnotes":""},"categories":[16],"tags":[],"class_list":["post-598","post","type-post","status-publish","format-standard","has-post-thumbnail","hentry","category-politica"],"aioseo_notices":[],"_links":{"self":[{"href":"https:\/\/portalr3.online\/index.php\/wp-json\/wp\/v2\/posts\/598","targetHints":{"allow":["GET"]}}],"collection":[{"href":"https:\/\/portalr3.online\/index.php\/wp-json\/wp\/v2\/posts"}],"about":[{"href":"https:\/\/portalr3.online\/index.php\/wp-json\/wp\/v2\/types\/post"}],"author":[{"embeddable":true,"href":"https:\/\/portalr3.online\/index.php\/wp-json\/wp\/v2\/users\/1"}],"replies":[{"embeddable":true,"href":"https:\/\/portalr3.online\/index.php\/wp-json\/wp\/v2\/comments?post=598"}],"version-history":[{"count":0,"href":"https:\/\/portalr3.online\/index.php\/wp-json\/wp\/v2\/posts\/598\/revisions"}],"wp:featuredmedia":[{"embeddable":true,"href":"https:\/\/portalr3.online\/index.php\/wp-json\/wp\/v2\/media\/599"}],"wp:attachment":[{"href":"https:\/\/portalr3.online\/index.php\/wp-json\/wp\/v2\/media?parent=598"}],"wp:term":[{"taxonomy":"category","embeddable":true,"href":"https:\/\/portalr3.online\/index.php\/wp-json\/wp\/v2\/categories?post=598"},{"taxonomy":"post_tag","embeddable":true,"href":"https:\/\/portalr3.online\/index.php\/wp-json\/wp\/v2\/tags?post=598"}],"curies":[{"name":"wp","href":"https:\/\/api.w.org\/{rel}","templated":true}]}}