{"id":595,"date":"2021-04-20T16:42:08","date_gmt":"2021-04-20T19:42:08","guid":{"rendered":"https:\/\/redacaolivre.com\/?p=595"},"modified":"2021-04-20T16:42:08","modified_gmt":"2021-04-20T19:42:08","slug":"pgr-cobra-explicacao-de-governadores-sobre-o-baixo-numero-de-vacinacao-nos-estados","status":"publish","type":"post","link":"https:\/\/portalr3.online\/index.php\/2021\/04\/20\/pgr-cobra-explicacao-de-governadores-sobre-o-baixo-numero-de-vacinacao-nos-estados\/","title":{"rendered":"PGR cobra explica\u00e7\u00e3o de governadores sobre o baixo n\u00famero de vacina\u00e7\u00e3o nos Estados"},"content":{"rendered":"\n<p>O procurador-geral da Rep\u00fablica, Augusto Aras, reivindicou aos governadores, na \u00faltima sexta-feira, explica\u00e7\u00f5es em rela\u00e7\u00e3o aos baixos n\u00fameros de vacina\u00e7\u00e3o no combate ao v\u00edrus chin\u00eas nos estados, uma vez comparado com os repasses de doses do Governo Federal.<\/p>\n\n\n\n<p>O Gabinete Integrado de Acompanhamento da Epidemia (Giac) identificou a grande diferen\u00e7a entre o n\u00famero de doses disponibilizadas pelo Governo Federal e o n\u00famero de doses aplicadas pelos estados. Com isso, o \u00f3rg\u00e3o concedeu o prazo de dez dias para uma poss\u00edvel justificativa dos governadores, visto que a diferen\u00e7a de doses chega a mais de 15 milh\u00f5es (at\u00e9 sexta-feira).<\/p>\n\n\n\n<p>\u201cAs pautas de distribui\u00e7\u00e3o das vacinas \u00e0s unidades federativas, elaboradas e divulgadas pelo Programa Nacional de Imuniza\u00e7\u00f5es por meio de informes t\u00e9cnicos da campanha, j\u00e1 direcionam as prioridades para as quais aquelas doses devem ser destinadas\u201d, afirma o documento.<\/p>\n\n\n\n<p>Para fazer o levantamento, a PGR utilizou os dados do Minist\u00e9rio da Sa\u00fade, com as informa\u00e7\u00f5es da plataforma LocalizaSus.<\/p>\n","protected":false},"excerpt":{"rendered":"<p>O procurador-geral da Rep\u00fablica, Augusto Aras, reivindicou aos governadores, na \u00faltima sexta-feira, explica\u00e7\u00f5es em rela\u00e7\u00e3o aos baixos n\u00fameros de vacina\u00e7\u00e3o<\/p>\n","protected":false},"author":1,"featured_media":596,"comment_status":"closed","ping_status":"closed","sticky":false,"template":"","format":"standard","meta":{"colormag_page_container_layout":"default_layout","colormag_page_sidebar_layout":"default_layout","footnotes":""},"categories":[16],"tags":[],"class_list":["post-595","post","type-post","status-publish","format-standard","has-post-thumbnail","hentry","category-politica"],"aioseo_notices":[],"_links":{"self":[{"href":"https:\/\/portalr3.online\/index.php\/wp-json\/wp\/v2\/posts\/595","targetHints":{"allow":["GET"]}}],"collection":[{"href":"https:\/\/portalr3.online\/index.php\/wp-json\/wp\/v2\/posts"}],"about":[{"href":"https:\/\/portalr3.online\/index.php\/wp-json\/wp\/v2\/types\/post"}],"author":[{"embeddable":true,"href":"https:\/\/portalr3.online\/index.php\/wp-json\/wp\/v2\/users\/1"}],"replies":[{"embeddable":true,"href":"https:\/\/portalr3.online\/index.php\/wp-json\/wp\/v2\/comments?post=595"}],"version-history":[{"count":0,"href":"https:\/\/portalr3.online\/index.php\/wp-json\/wp\/v2\/posts\/595\/revisions"}],"wp:featuredmedia":[{"embeddable":true,"href":"https:\/\/portalr3.online\/index.php\/wp-json\/wp\/v2\/media\/596"}],"wp:attachment":[{"href":"https:\/\/portalr3.online\/index.php\/wp-json\/wp\/v2\/media?parent=595"}],"wp:term":[{"taxonomy":"category","embeddable":true,"href":"https:\/\/portalr3.online\/index.php\/wp-json\/wp\/v2\/categories?post=595"},{"taxonomy":"post_tag","embeddable":true,"href":"https:\/\/portalr3.online\/index.php\/wp-json\/wp\/v2\/tags?post=595"}],"curies":[{"name":"wp","href":"https:\/\/api.w.org\/{rel}","templated":true}]}}