{"id":592,"date":"2021-04-20T16:39:43","date_gmt":"2021-04-20T19:39:43","guid":{"rendered":"https:\/\/redacaolivre.com\/?p=592"},"modified":"2021-04-20T16:39:43","modified_gmt":"2021-04-20T19:39:43","slug":"brasil-registra-1-657-mortes-por-covid-19-e-mais-42-980-casos-da-doenca-em-24h","status":"publish","type":"post","link":"https:\/\/portalr3.online\/index.php\/2021\/04\/20\/brasil-registra-1-657-mortes-por-covid-19-e-mais-42-980-casos-da-doenca-em-24h\/","title":{"rendered":"Brasil registra 1.657 mortes por Covid-19 e mais 42.980 casos da doen\u00e7a em 24h"},"content":{"rendered":"\n<p>*Fonte e foto: CNN Brasil<\/p>\n\n\n\n<p>O Brasil registrou 1.657 mortes por Covid-19 e mais 42.980 casos da doen\u00e7a nas \u00faltimas 24 horas, de acordo com dados do Conselho Nacional de Secret\u00e1rios de Sa\u00fade (Conass) divulgados neste domingo (18).&nbsp;<\/p>\n\n\n\n<p>Com os novos n\u00fameros, a m\u00e9dia-m\u00f3vel de sete dias das v\u00edtimas fatais da Covid-19 ficou em 2.885, uma queda ante a mesma m\u00e9trica at\u00e9 s\u00e1bado (17), que ficou em 2.906 \u00f3bitos. No total, o Brasil j\u00e1 registrou 13.943.071 casos e 373.335 mortes pela doen\u00e7a.&nbsp;<\/p>\n\n\n\n<h2 class=\"wp-block-heading\">Doen\u00e7a continua crescendo entre os mais jovens<\/h2>\n\n\n\n<p>De acordo com dados do Observat\u00f3rio Covid-19 da Funda\u00e7\u00e3o Oswaldo Cruz (Fiocruz), h\u00e1 uma&nbsp;tend\u00eancia de rejuvenescimento&nbsp;entre os pacientes com Covid-19 que demandam hospitaliza\u00e7\u00e3o.&nbsp;<\/p>\n\n\n\n<p>Tamb\u00e9m cresce a taxa de hospitaliza\u00e7\u00e3o entre pacientes sem comorbidades.<\/p>\n\n\n\n<p>Enquanto o aumento global da taxa de hospitaliza\u00e7\u00e3o foi de 701,58%, a taxa entre pessoas de 30 a 39 anos subiu 1.218,33%, e entre pacientes de 40 a 49 anos avan\u00e7ou 1.217,95%.<\/p>\n\n\n\n<p>A compara\u00e7\u00e3o \u00e9 entre a semana epidemiol\u00f3gica 1 (de 3 a 9 de janeiro de 2021) e a semana epidemiol\u00f3gica 12 (de 21 a 27 de mar\u00e7o).&nbsp;<\/p>\n","protected":false},"excerpt":{"rendered":"<p>*Fonte e foto: CNN Brasil O Brasil registrou 1.657 mortes por Covid-19 e mais 42.980 casos da doen\u00e7a nas \u00faltimas<\/p>\n","protected":false},"author":1,"featured_media":593,"comment_status":"closed","ping_status":"closed","sticky":false,"template":"","format":"standard","meta":{"colormag_page_container_layout":"default_layout","colormag_page_sidebar_layout":"default_layout","footnotes":""},"categories":[3],"tags":[],"class_list":["post-592","post","type-post","status-publish","format-standard","has-post-thumbnail","hentry","category-covid-19"],"aioseo_notices":[],"_links":{"self":[{"href":"https:\/\/portalr3.online\/index.php\/wp-json\/wp\/v2\/posts\/592","targetHints":{"allow":["GET"]}}],"collection":[{"href":"https:\/\/portalr3.online\/index.php\/wp-json\/wp\/v2\/posts"}],"about":[{"href":"https:\/\/portalr3.online\/index.php\/wp-json\/wp\/v2\/types\/post"}],"author":[{"embeddable":true,"href":"https:\/\/portalr3.online\/index.php\/wp-json\/wp\/v2\/users\/1"}],"replies":[{"embeddable":true,"href":"https:\/\/portalr3.online\/index.php\/wp-json\/wp\/v2\/comments?post=592"}],"version-history":[{"count":0,"href":"https:\/\/portalr3.online\/index.php\/wp-json\/wp\/v2\/posts\/592\/revisions"}],"wp:featuredmedia":[{"embeddable":true,"href":"https:\/\/portalr3.online\/index.php\/wp-json\/wp\/v2\/media\/593"}],"wp:attachment":[{"href":"https:\/\/portalr3.online\/index.php\/wp-json\/wp\/v2\/media?parent=592"}],"wp:term":[{"taxonomy":"category","embeddable":true,"href":"https:\/\/portalr3.online\/index.php\/wp-json\/wp\/v2\/categories?post=592"},{"taxonomy":"post_tag","embeddable":true,"href":"https:\/\/portalr3.online\/index.php\/wp-json\/wp\/v2\/tags?post=592"}],"curies":[{"name":"wp","href":"https:\/\/api.w.org\/{rel}","templated":true}]}}