{"id":59,"date":"2021-03-20T13:38:08","date_gmt":"2021-03-20T16:38:08","guid":{"rendered":"http:\/\/noticiasnomundo.online\/?p=59"},"modified":"2021-03-20T13:38:08","modified_gmt":"2021-03-20T16:38:08","slug":"chile-vacina-30-da-populacao","status":"publish","type":"post","link":"https:\/\/portalr3.online\/index.php\/2021\/03\/20\/chile-vacina-30-da-populacao\/","title":{"rendered":"Chile vacina 30% da popula\u00e7\u00e3o"},"content":{"rendered":"\n<p>O\u00a0Chile\u00a0foi o primeiro pa\u00eds da Am\u00e9rica do Sul a come\u00e7ar uma campanha de vacina\u00e7\u00e3o contra a\u00a0, Covid-19 ainda no fim do ano passado. Em menos de tr\u00eas meses,\u00a0o pa\u00eds vacinou cerca de 30% de sua popula\u00e7\u00e3o com pelo menos uma dose.<\/p>\n\n\n\n<p><strong>Vacina\u00e7\u00e3o no Chile, at\u00e9 sexta (19):<\/strong><\/p>\n\n\n\n<ul class=\"wp-block-list\"><li><strong>5.475.578<\/strong>&nbsp;primeiras doses aplicadas<\/li><li><strong>2.641.738<\/strong>&nbsp;receberam as duas doses<\/li><li><strong>41.321<\/strong>&nbsp;vacinados nas \u00faltimas 24h<\/li><\/ul>\n\n\n\n<p>Mas os planos do governo de\u00a0\u00a0s\u00e3o Sebasti\u00e1n Pi\u00f1era ambiciosos: o\u00a0presidente prometeu que 80% dos chilenos ser\u00e3o vacinados at\u00e9 o m\u00eas de julho. Ele mesmo, Pi\u00f1era, de 71 anos, recebeu as duas doses da vacina, o que garante a prote\u00e7\u00e3o completa.<\/p>\n\n\n\n<p>O pa\u00eds de 19 milh\u00f5es de habitantes se tornou exemplo na regi\u00e3o pela rapidez de sua campanha.&nbsp;<strong>Entenda como \u00e9 que o Chile chegou at\u00e9 aqui:<\/strong><\/p>\n\n\n\n<ul class=\"wp-block-list\"><li><strong>Compra antecipada<\/strong>&nbsp;e garantia de doses<\/li><li><strong>Calend\u00e1rio claro<\/strong>&nbsp;e organizado<\/li><li>Coordena\u00e7\u00e3o do&nbsp;<strong>governo federal<\/strong><\/li><\/ul>\n\n\n\n<h2 class=\"wp-block-heading\">Doses contratadas<\/h2>\n\n\n\n<p>O governo chileno come\u00e7ou a negociar a compra de vacinas com&nbsp;muita anteced\u00eancia e encomendou, at\u00e9 agora,&nbsp;cerca de 36 milh\u00f5es de doses&nbsp;\u2013 isso \u00e9 o bastante para imunizar duas vezes a popula\u00e7\u00e3o do pa\u00eds.<\/p>\n\n\n\n<p>At\u00e9 o momento, a autoridade sanit\u00e1ria chilena autorizou o uso emergencial das vacinas da Pfizer\/BioNTech e Sinovac \u2013 s\u00e3o elas as usadas na campanha de vacina\u00e7\u00e3o gratuita e volunt\u00e1ria coordenada pelo Minist\u00e9rio da Sa\u00fade.<\/p>\n\n\n\n<p>A vacina da Pfizer foi a primeira a ser aprovada em todo o mundo, j\u00e1 a da farmac\u00eautica Sinovac, a&nbsp;Coronavac, \u00e9 a mesma distribu\u00edda no Brasil&nbsp;que aqui \u00e9 produzida em parceria com o Instituto Butantan. As doses do Chile s\u00e3o importadas diretamente da China.<\/p>\n\n\n\n<p>Al\u00e9m disso, o Chile tem acordos de compra com ao menos quatro farmac\u00eauticas: Sinovac, Pfizer\/BioNTech, AstraZeneca e Johnson &amp; Johnson \u2013&nbsp;fechados enquanto ainda estavam em diferentes fases de pesquisas.<\/p>\n\n\n\n<h2 class=\"wp-block-heading\">Calend\u00e1rio<\/h2>\n\n\n\n<p>O Chile come\u00e7ou sua campanha de vacina\u00e7\u00e3o na v\u00e9spera de Natal do ano passado, assim que o primeiro carregamento da pfizer desembarcou no pa\u00eds, ap\u00f3s a aprova\u00e7\u00e3o da ag\u00eancia reguladora.<\/p>\n\n\n\n<p>Naquele momento, com escassez de doses, apenas profissionais da sa\u00fade da linha de frente foram vacinados \u2013&nbsp;<strong>cerca de 600 mil pessoas<\/strong>.<\/p>\n\n\n\n<blockquote class=\"wp-block-quote is-layout-flow wp-block-quote-is-layout-flow\"><p>Com a importa\u00e7\u00e3o de mais vacinas, o governo chileno ampliou a vacina\u00e7\u00e3o para idosos acima dos 60 anos, profissionais da educa\u00e7\u00e3o \u2013 professores e funcion\u00e1rios de escolas \u2013, e foi reduzindo semanalmente a faixa et\u00e1ria dos vacinados.<\/p><\/blockquote>\n\n\n\n<p>Na segunda quinzena de mar\u00e7o, o pa\u00eds anunciou a vacina\u00e7\u00e3o de pessoas com idades entre os 16 e 45 anos \u2013 a cada dia um grupo, dos mais velhos aos mais novos \u2013&nbsp;com doen\u00e7as cr\u00f4nicas como asma, hepatite, obesidade, cardiopatias e c\u00e2ncer.<\/p>\n\n\n\n<p>Semanalmente, o Minist\u00e9rio da Sa\u00fade anuncia os novos grupos que podem receber a vacina, que \u00e9&nbsp;distribu\u00edda em centros de sa\u00fade pelo pa\u00eds.<\/p>\n\n\n\n<p>Entre os dias 22 e 28 de mar\u00e7o, o Chile come\u00e7a a imuniza\u00e7\u00e3o de trabalhadores do transporte e de servi\u00e7os essenciais, pessoas com mais de 57 anos tamb\u00e9m come\u00e7ar\u00e3o a ser vacinadas.<\/p>\n\n\n\n<h2 class=\"wp-block-heading\">Aposta de Pi\u00f1era<\/h2>\n\n\n\n<p>O investimento na vacina\u00e7\u00e3o foi uma aposta do governo de Sebasti\u00e1n Pi\u00f1era, que ainda no in\u00edcio da pandemia seguia\u00a0afundado na crise pol\u00edtica e social iniciada em 2019. Com o sucesso na negocia\u00e7\u00e3o e aplica\u00e7\u00e3o das vacinas, Pi\u00f1era tenta recuperar sua popularidade.<\/p>\n\n\n\n<p>O Chile demorou um pouco para responder aos avan\u00e7os da doen\u00e7a no pa\u00eds, e chegou a registrar \u2013 logo na primeira onda da pandemia \u2013 mais de 7 mil novos casos de infec\u00e7\u00e3o a cada dia.<\/p>\n\n\n\n<blockquote class=\"wp-block-quote is-layout-flow wp-block-quote-is-layout-flow\"><p>Criticado por privilegiar a economia do pa\u00eds sobre a sa\u00fade da popula\u00e7\u00e3o, Pi\u00f1era se viu obrigado a decretar uma quarentena pesada para conter a Covid-19, medida que ainda segue mesmo com a vacina\u00e7\u00e3o bastante avan\u00e7ada.<\/p><cite>Ao menos 10% da popula\u00e7\u00e3o chilena enfrenta algum tipo de bloqueio \u2013 isso por conta do plano Passo a Passo, em que h\u00e1 cinco fases de controle da pandemia, sendo a Fase 1 o lockdown completo e a 5, normalidade.<br>Al\u00e9m disso, o pa\u00eds est\u00e1 sob o estado de emerg\u00eancia, com toque de recolher a partir das 22h.<br><br><\/cite><\/blockquote>\n","protected":false},"excerpt":{"rendered":"<p>O\u00a0Chile\u00a0foi o primeiro pa\u00eds da Am\u00e9rica do Sul a come\u00e7ar uma campanha de vacina\u00e7\u00e3o contra a\u00a0, Covid-19 ainda no fim<\/p>\n","protected":false},"author":1,"featured_media":60,"comment_status":"open","ping_status":"open","sticky":false,"template":"","format":"standard","meta":{"colormag_page_container_layout":"default_layout","colormag_page_sidebar_layout":"default_layout","footnotes":""},"categories":[3],"tags":[],"class_list":["post-59","post","type-post","status-publish","format-standard","has-post-thumbnail","hentry","category-covid-19"],"aioseo_notices":[],"_links":{"self":[{"href":"https:\/\/portalr3.online\/index.php\/wp-json\/wp\/v2\/posts\/59","targetHints":{"allow":["GET"]}}],"collection":[{"href":"https:\/\/portalr3.online\/index.php\/wp-json\/wp\/v2\/posts"}],"about":[{"href":"https:\/\/portalr3.online\/index.php\/wp-json\/wp\/v2\/types\/post"}],"author":[{"embeddable":true,"href":"https:\/\/portalr3.online\/index.php\/wp-json\/wp\/v2\/users\/1"}],"replies":[{"embeddable":true,"href":"https:\/\/portalr3.online\/index.php\/wp-json\/wp\/v2\/comments?post=59"}],"version-history":[{"count":0,"href":"https:\/\/portalr3.online\/index.php\/wp-json\/wp\/v2\/posts\/59\/revisions"}],"wp:featuredmedia":[{"embeddable":true,"href":"https:\/\/portalr3.online\/index.php\/wp-json\/wp\/v2\/media\/60"}],"wp:attachment":[{"href":"https:\/\/portalr3.online\/index.php\/wp-json\/wp\/v2\/media?parent=59"}],"wp:term":[{"taxonomy":"category","embeddable":true,"href":"https:\/\/portalr3.online\/index.php\/wp-json\/wp\/v2\/categories?post=59"},{"taxonomy":"post_tag","embeddable":true,"href":"https:\/\/portalr3.online\/index.php\/wp-json\/wp\/v2\/tags?post=59"}],"curies":[{"name":"wp","href":"https:\/\/api.w.org\/{rel}","templated":true}]}}