{"id":56,"date":"2021-03-20T13:26:13","date_gmt":"2021-03-20T16:26:13","guid":{"rendered":"http:\/\/noticiasnomundo.online\/?p=56"},"modified":"2021-03-20T13:26:13","modified_gmt":"2021-03-20T16:26:13","slug":"uniao-europeia-ameaca-barrar-exportacoes-da-vacina-de-oxford","status":"publish","type":"post","link":"https:\/\/portalr3.online\/index.php\/2021\/03\/20\/uniao-europeia-ameaca-barrar-exportacoes-da-vacina-de-oxford\/","title":{"rendered":"Uni\u00e3o Europeia amea\u00e7a barrar exporta\u00e7\u00f5es da vacina de Oxford"},"content":{"rendered":"\n<p>A presidente da Comiss\u00e3o Europeia, Ursula von der Leyen, amea\u00e7ou neste s\u00e1bado (20) bloquear as exporta\u00e7\u00f5es da vacina contra a Covid-19 da AstraZeneca\/Oxford, se a Uni\u00e3o Europeia n\u00e3o receber as doses prometidas.<\/p>\n\n\n\n<p>&#8220;Temos a op\u00e7\u00e3o de suspender as exporta\u00e7\u00f5es planejadas. Esta \u00e9 nossa mensagem \u00e0 AstraZeneca: respeite o contrato com a Europa antes de come\u00e7ar a fornecer [doses] para outros pa\u00edses&#8221;, disse em entrevista ao conglomerado de m\u00eddia alem\u00e3o Funke.<\/p>\n\n\n\n<h2 class=\"wp-block-heading\">&#8216;Segura e eficaz&#8217;<\/h2>\n\n\n\n<p>Na quinta-feira (18), a ag\u00eancia de medicamentos do bloco afirmou que a vacina de Oxford \u00e9 &#8220;segura e eficaz&#8221;\u00a0ap\u00f3s analisar a suspeita de casos de forma\u00e7\u00e3o de co\u00e1gulos em pacientes imunizados.<\/p>\n\n\n\n<p>A reguladora disse tamb\u00e9m que vai continuar a acompanhar e analisar os dados de vacina\u00e7\u00e3o no continente, mas que os benef\u00edcios da aplica\u00e7\u00e3o da vacina superam os riscos.<\/p>\n\n\n\n<p>O \u00f3rg\u00e3o apresentou o resultado da an\u00e1lise de alguns casos de trombose em idosos, e refor\u00e7ou que n\u00e3o h\u00e1 ind\u00edcios de rela\u00e7\u00e3o com a vacina. <\/p>\n\n\n\n<p>A vacina de Oxford\/AstraZeneca \u00e9 uma das duas usadas no Brasil \u2013 a outra \u00e9 a vacina CoronaVac feita em parceria pela chinesa Sinovac com o Instituto Butantan. A Ag\u00eancia Nacional de Vigil\u00e2ncia Sanit\u00e1ria (Anvisa) afirmou que n\u00e3o h\u00e1 evid\u00eancias que apontem \u2013 at\u00e9 o momento \u2013 para uma rela\u00e7\u00e3o entre o uso da vacina e a ocorr\u00eancia de casos de trombose e embolia pulmonar.<\/p>\n","protected":false},"excerpt":{"rendered":"<p>A presidente da Comiss\u00e3o Europeia, Ursula von der Leyen, amea\u00e7ou neste s\u00e1bado (20) bloquear as exporta\u00e7\u00f5es da vacina contra a<\/p>\n","protected":false},"author":1,"featured_media":57,"comment_status":"open","ping_status":"open","sticky":false,"template":"","format":"standard","meta":{"colormag_page_container_layout":"default_layout","colormag_page_sidebar_layout":"default_layout","footnotes":""},"categories":[7],"tags":[],"class_list":["post-56","post","type-post","status-publish","format-standard","has-post-thumbnail","hentry","category-uniao-europeia"],"aioseo_notices":[],"_links":{"self":[{"href":"https:\/\/portalr3.online\/index.php\/wp-json\/wp\/v2\/posts\/56","targetHints":{"allow":["GET"]}}],"collection":[{"href":"https:\/\/portalr3.online\/index.php\/wp-json\/wp\/v2\/posts"}],"about":[{"href":"https:\/\/portalr3.online\/index.php\/wp-json\/wp\/v2\/types\/post"}],"author":[{"embeddable":true,"href":"https:\/\/portalr3.online\/index.php\/wp-json\/wp\/v2\/users\/1"}],"replies":[{"embeddable":true,"href":"https:\/\/portalr3.online\/index.php\/wp-json\/wp\/v2\/comments?post=56"}],"version-history":[{"count":0,"href":"https:\/\/portalr3.online\/index.php\/wp-json\/wp\/v2\/posts\/56\/revisions"}],"wp:featuredmedia":[{"embeddable":true,"href":"https:\/\/portalr3.online\/index.php\/wp-json\/wp\/v2\/media\/57"}],"wp:attachment":[{"href":"https:\/\/portalr3.online\/index.php\/wp-json\/wp\/v2\/media?parent=56"}],"wp:term":[{"taxonomy":"category","embeddable":true,"href":"https:\/\/portalr3.online\/index.php\/wp-json\/wp\/v2\/categories?post=56"},{"taxonomy":"post_tag","embeddable":true,"href":"https:\/\/portalr3.online\/index.php\/wp-json\/wp\/v2\/tags?post=56"}],"curies":[{"name":"wp","href":"https:\/\/api.w.org\/{rel}","templated":true}]}}