{"id":495,"date":"2021-04-19T22:59:37","date_gmt":"2021-04-20T01:59:37","guid":{"rendered":"https:\/\/redacaolivre.com\/?p=495"},"modified":"2021-04-19T22:59:37","modified_gmt":"2021-04-20T01:59:37","slug":"senado-instala-frente-parlamentar-para-defender-desarmamento","status":"publish","type":"post","link":"https:\/\/portalr3.online\/index.php\/2021\/04\/19\/senado-instala-frente-parlamentar-para-defender-desarmamento\/","title":{"rendered":"Senado instala Frente Parlamentar para defender desarmamento"},"content":{"rendered":"\n<p>O Senado Federal publicou na \u00faltima quinta-feira (15), no\u00a0Di\u00e1rio Oficial da Uni\u00e3o, uma resolu\u00e7\u00e3o que cria a \u201cFrente Parlamentar pelo Desarmamento\u201d. A medida \u00e9 assinada pelo presidente do Congresso, Rodrigo Pacheco (DEM-MG).<\/p>\n\n\n\n<p>Proposta pela senadora Eliziane Gama (Cidadania-MA), a finalidade da Frente, conforme descrito na resolu\u00e7\u00e3o, ser\u00e1 de \u201cpromover debates sobre o tema no Congresso Nacional\u201d e \u201cpropor solu\u00e7\u00f5es para reduzir a circula\u00e7\u00e3o de armas no pa\u00eds e difundir a cultura do desarmamento\u201d.<\/p>\n\n\n\n<p>Al\u00e9m de parlamentares de todos os n\u00edveis federais, s\u00e3o aceitos no grupo organiza\u00e7\u00f5es sociais, entidades civis e institui\u00e7\u00f5es policiais e militares.<\/p>\n\n\n\n<p>A resolu\u00e7\u00e3o diz ainda que a Frente vai \u201cpromover e difundir, por todos os meios de comunica\u00e7\u00e3o social, a cultura do desarmamento e a conscientiza\u00e7\u00e3o dos riscos sociais e institucionais da cultura armamentista\u201d.<\/p>\n\n\n\n<p>O grupo tamb\u00e9m poder\u00e1 formular, editar e apresentar projetos que visam ao desarmamento e dar orienta\u00e7\u00f5es para regular as limita\u00e7\u00f5es de compra, porte, uso, registro e transporte de armas de fogo.<\/p>\n\n\n\n<p>O jornalista e fundador do Ter\u00e7a Livre, Italo Lorenzon, comentou a cria\u00e7\u00e3o da Frente durante o Boletim da Noite da \u00faltima sexta-feira (16) e comparou os passos dos pol\u00edticos brasileiros com os estados americanos.<\/p>\n\n\n\n<p>\u201c\u00c9 engra\u00e7ado que nos EUA os estados est\u00e3o come\u00e7ando a ir pelo caminho totalmente oposto. No Texas, por exemplo, a C\u00e2mara dos deputados interna deles, parecida com nossa Assembleia Legislativa, j\u00e1 sinalizou que aprovar\u00e1 o chamado porte constitucional. O que \u00e9 isso? \u00c9 o reconhecimento de que portar armas j\u00e1 \u00e9 direito constitucional e, portanto, n\u00e3o \u00e9 necess\u00e1ria uma licen\u00e7a\u201d, comentou Lorenzon.<\/p>\n\n\n\n<p>\u201cEnquanto isso, o nosso Senado, que \u00e9 vanguarda em tudo que n\u00e3o presta, est\u00e1 dizendo que \u2018haver\u00e1 uma frente que promover\u00e1 e difundir\u00e1 por todos os meios de comunica\u00e7\u00e3o social a cultura do desarmamento e conscientiza\u00e7\u00e3o dos riscos constitucionais e sociais da cultura armamentista\u2019. Quando eles falam isso querem dizer que far\u00e3o lavagem cerebral, come\u00e7ar\u00e3o a pegar pequenos casos e colocar\u00e3o uma lente de aumento\u201d, afirmou.<\/p>\n","protected":false},"excerpt":{"rendered":"<p>O Senado Federal publicou na \u00faltima quinta-feira (15), no\u00a0Di\u00e1rio Oficial da Uni\u00e3o, uma resolu\u00e7\u00e3o que cria a \u201cFrente Parlamentar pelo<\/p>\n","protected":false},"author":1,"featured_media":497,"comment_status":"open","ping_status":"open","sticky":false,"template":"","format":"standard","meta":{"colormag_page_container_layout":"default_layout","colormag_page_sidebar_layout":"default_layout","footnotes":""},"categories":[21],"tags":[],"class_list":["post-495","post","type-post","status-publish","format-standard","has-post-thumbnail","hentry","category-senado-federal"],"aioseo_notices":[],"_links":{"self":[{"href":"https:\/\/portalr3.online\/index.php\/wp-json\/wp\/v2\/posts\/495","targetHints":{"allow":["GET"]}}],"collection":[{"href":"https:\/\/portalr3.online\/index.php\/wp-json\/wp\/v2\/posts"}],"about":[{"href":"https:\/\/portalr3.online\/index.php\/wp-json\/wp\/v2\/types\/post"}],"author":[{"embeddable":true,"href":"https:\/\/portalr3.online\/index.php\/wp-json\/wp\/v2\/users\/1"}],"replies":[{"embeddable":true,"href":"https:\/\/portalr3.online\/index.php\/wp-json\/wp\/v2\/comments?post=495"}],"version-history":[{"count":0,"href":"https:\/\/portalr3.online\/index.php\/wp-json\/wp\/v2\/posts\/495\/revisions"}],"wp:featuredmedia":[{"embeddable":true,"href":"https:\/\/portalr3.online\/index.php\/wp-json\/wp\/v2\/media\/497"}],"wp:attachment":[{"href":"https:\/\/portalr3.online\/index.php\/wp-json\/wp\/v2\/media?parent=495"}],"wp:term":[{"taxonomy":"category","embeddable":true,"href":"https:\/\/portalr3.online\/index.php\/wp-json\/wp\/v2\/categories?post=495"},{"taxonomy":"post_tag","embeddable":true,"href":"https:\/\/portalr3.online\/index.php\/wp-json\/wp\/v2\/tags?post=495"}],"curies":[{"name":"wp","href":"https:\/\/api.w.org\/{rel}","templated":true}]}}