{"id":211,"date":"2021-04-06T22:49:20","date_gmt":"2021-04-07T01:49:20","guid":{"rendered":"https:\/\/noticiasnomundo.online\/?p=211"},"modified":"2021-04-06T22:49:20","modified_gmt":"2021-04-07T01:49:20","slug":"jihadistas-matam-quatro-boinas-azuis-em-ataque-a-campo-da-onu-no-mali","status":"publish","type":"post","link":"https:\/\/portalr3.online\/index.php\/2021\/04\/06\/jihadistas-matam-quatro-boinas-azuis-em-ataque-a-campo-da-onu-no-mali\/","title":{"rendered":"Jihadistas matam quatro boinas azuis em ataque a campo da ONU no Mali"},"content":{"rendered":"\n<p>Acampamento da Miss\u00e3o da ONU no Mali foi alvo de tiros por tr\u00eas horas; 40 militantes jihadistas foram mortos na a\u00e7\u00e3o <\/p>\n\n\n\n<p>Um ataque de militantes jihadistas ao acampamento da Minusma (Miss\u00e3o das Na\u00e7\u00f5es Unidas no Mali), terminou com quatro soldados das for\u00e7as, chamados de boinas azuis, mortos na \u00faltima sexta-feira (2). Os mortos eram cidad\u00e3os do vizinho\u00a0Chade.<\/p>\n\n\n\n<p>O campo fica em Aguelhok, a 200 quil\u00f4metros da fronteira com a\u00a0Arg\u00e9lia\u00a0e foi alvo de tiros por tr\u00eas horas, disse a ag\u00eancia turca\u00a0Anadolu. Al\u00e9m dos boinas azuis, 40 militantes jihadistas morreram no confronto. Um deles \u00e9 o bra\u00e7o direito de Iyad Ag Ghaly, atual l\u00edder do grupo armado Ansar Dine, filiado \u00e0\u00a0Al-Qaeda.<\/p>\n\n\n\n<p>Ghaly \u00e9 um dos principais l\u00edderes jihadistas no Mali e em toda a regi\u00e3o do Sahel. Al\u00e9m dos mortos, quatro militantes foram capturados e entregues ao Ex\u00e9rcito malin\u00eas.<\/p>\n\n\n\n<p>Em resposta ao ataque \u00e0 ONU (Organiza\u00e7\u00e3o das Na\u00e7\u00f5es Unidas), as for\u00e7as do Mali disseram ter matado outros seis\u00a0suspeitos de terrorismo\u00a0em uma ofensiva em Mafune, na regi\u00e3o central do pa\u00eds, neste domingo (4).<\/p>\n\n\n\n<p>Os grupos armados realizam ataques violentos desde 2012 no Mali, mas a incid\u00eancia cresceu nos \u00faltimos meses apesar da presen\u00e7a das for\u00e7as francesas e da ONU no pa\u00eds. No dia 14, mais de 30 soldados malineses\u00a0foram mortos\u00a0em uma ofensiva jihadista.<\/p>\n\n\n\n<p>A viol\u00eancia n\u00e3o cessou mesmo ap\u00f3s o acordo de paz assinado entre o governo e alguns grupos insurgentes em 2015. Disputas pol\u00edticas e comunit\u00e1rias intensificam as tens\u00f5es no pa\u00eds e j\u00e1\u00a0se espalharam para os vizinhos, como N\u00edger e Burkina Faso.<\/p>\n\n\n\n<p>A Minusma est\u00e1 em opera\u00e7\u00e3o desde 2013. A miss\u00e3o, por\u00e9m, \u00e9 uma das que registram o maior n\u00famero de baixas no mundo \u2013 mais de 140 soldados j\u00e1 foram mortos em ataques extremistas desde o in\u00edcio das opera\u00e7\u00f5es.<\/p>\n","protected":false},"excerpt":{"rendered":"<p>Acampamento da Miss\u00e3o da ONU no Mali foi alvo de tiros por tr\u00eas horas; 40 militantes jihadistas foram mortos na<\/p>\n","protected":false},"author":1,"featured_media":212,"comment_status":"open","ping_status":"open","sticky":false,"template":"","format":"standard","meta":{"colormag_page_container_layout":"default_layout","colormag_page_sidebar_layout":"default_layout","footnotes":""},"categories":[18],"tags":[],"class_list":["post-211","post","type-post","status-publish","format-standard","has-post-thumbnail","hentry","category-onu"],"aioseo_notices":[],"_links":{"self":[{"href":"https:\/\/portalr3.online\/index.php\/wp-json\/wp\/v2\/posts\/211","targetHints":{"allow":["GET"]}}],"collection":[{"href":"https:\/\/portalr3.online\/index.php\/wp-json\/wp\/v2\/posts"}],"about":[{"href":"https:\/\/portalr3.online\/index.php\/wp-json\/wp\/v2\/types\/post"}],"author":[{"embeddable":true,"href":"https:\/\/portalr3.online\/index.php\/wp-json\/wp\/v2\/users\/1"}],"replies":[{"embeddable":true,"href":"https:\/\/portalr3.online\/index.php\/wp-json\/wp\/v2\/comments?post=211"}],"version-history":[{"count":0,"href":"https:\/\/portalr3.online\/index.php\/wp-json\/wp\/v2\/posts\/211\/revisions"}],"wp:featuredmedia":[{"embeddable":true,"href":"https:\/\/portalr3.online\/index.php\/wp-json\/wp\/v2\/media\/212"}],"wp:attachment":[{"href":"https:\/\/portalr3.online\/index.php\/wp-json\/wp\/v2\/media?parent=211"}],"wp:term":[{"taxonomy":"category","embeddable":true,"href":"https:\/\/portalr3.online\/index.php\/wp-json\/wp\/v2\/categories?post=211"},{"taxonomy":"post_tag","embeddable":true,"href":"https:\/\/portalr3.online\/index.php\/wp-json\/wp\/v2\/tags?post=211"}],"curies":[{"name":"wp","href":"https:\/\/api.w.org\/{rel}","templated":true}]}}