{"id":148,"date":"2021-03-30T19:12:18","date_gmt":"2021-03-30T22:12:18","guid":{"rendered":"https:\/\/noticiasnomundo.online\/?p=148"},"modified":"2021-03-30T19:12:18","modified_gmt":"2021-03-30T22:12:18","slug":"comandantes-das-forcas-armadas-entregam-os-cargos","status":"publish","type":"post","link":"https:\/\/portalr3.online\/index.php\/2021\/03\/30\/comandantes-das-forcas-armadas-entregam-os-cargos\/","title":{"rendered":"Comandantes das For\u00e7as Armadas entregam os cargos"},"content":{"rendered":"\n<p>BRAS\u00cdLIA \u2014 O Minist\u00e9rio da Defesa anunciou nesta ter\u00e7a-feira a troca dos tr\u00eas comandantes das For\u00e7as Armadas.&nbsp;&nbsp;O an\u00fancio da substitui\u00e7\u00e3o foi costurado&nbsp;pelo novo chefe da pasta, ministro Walter Braga Netto, e o seu antecessor, Fernando Azevedo e Silva,&nbsp;na tentativa de contornar o mal-estar&nbsp;para o Pal\u00e1cio do&nbsp;Planalto&nbsp;diante de&nbsp;uma poss\u00edvel&nbsp;ren\u00fancia coletiva do&nbsp;general Edson Pujol, do Ex\u00e9rcito, o almirante de esquadra&nbsp;Ilques&nbsp;Barbosa Junior, da Marinha, e o tenente-brigadeiro do ar&nbsp;Antonio&nbsp;Carlos Moretti&nbsp;Bermudez, da Aeron\u00e1utica.&nbsp;<\/p>\n\n\n\n<p>Na&nbsp;segunda-feira, os tr\u00eas comandantes decidiram entregar os cargos ap\u00f3s serem surpreendidos pela demiss\u00e3o sum\u00e1ria do ministro da Defesa.&nbsp;A troca no comando da Defesa reflete o desejo do presidente Jair Bolsonaro de maior alinhamento pol\u00edtico das For\u00e7as Armadas.&nbsp;&nbsp;Com a repercuss\u00e3o, Braga Netto e Azevedo agiram para&nbsp;ter um&nbsp;desfecho&nbsp;menos traum\u00e1tico para crise.&nbsp;<\/p>\n\n\n\n<p>Em vez de um pedido de demiss\u00e3o entendido como uma resist\u00eancia a Bolsonaro, interlocutores da Defesa alegaram que os cargos foram pedidos pelo novo ministro.&nbsp; A sa\u00edda simult\u00e2nea durante um governo dos comandantes do Ex\u00e9rcito, Marinha e Aeron\u00e1utica n\u00e3o tem precedentes.&nbsp;<\/p>\n\n\n\n<p>&#8220;O Minist\u00e9rio da Defesa (MD) informa que os Comandantes da Marinha, do Ex\u00e9rcito e da Aeron\u00e1utica ser\u00e3o substitu\u00eddos. A decis\u00e3o foi comunicada em reuni\u00e3o realizada nesta ter\u00e7a-feira (30), com presen\u00e7a do&nbsp; Ministro da Defesa nomeado, Braga Netto, do ex-ministro, Fernando Azevedo, e dos Comandantes das For\u00e7as&#8221;, diz trecho da nota divulgada pelo Minist\u00e9rio da Defesa.<\/p>\n\n\n\n<p>Segundo fontes do Alto Comando do Ex\u00e9rcito, a press\u00e3o exercida sobre as For\u00e7as Armadas era para que os comandantes demonstrassem mais fidelidade ao governo Bolsonaro e suas a\u00e7\u00f5es, e n\u00e3o por uma ruptura institucional. A tens\u00e3o entre militares e o governo cresceu com o epis\u00f3dio. A avalia\u00e7\u00e3o \u00e9 de que a atitude de Braga Netto ir\u00e1 determinar se a crise ir\u00e1 aumentar ou n\u00e3o de temperatura a partir de agora.<\/p>\n\n\n\n<p>Militares que integram o governo t\u00eam se esfor\u00e7ado para minimizar a repercuss\u00e3o e tentam dar um ar de normalidade \u00e0 troca.&nbsp; Afirmam ainda que, independentemente de quais sejam os novos comandantes das For\u00e7as, eles atuar\u00e3o para preservar Ex\u00e9rcito, Marinha e Aeron\u00e1utica como institui\u00e7\u00e3o de estado, blindando da influ\u00eancia pol\u00edtica.<\/p>\n\n\n\n<p>Para o comando do Ex\u00e9rcito o mais cotado \u00e9 o general Marco Ant\u00f4nio Freire Gomes, atual Comandante Militar do Nordeste e ex-secret\u00e1rio-executivo do Gabinete de Seguran\u00e7a Institucional no governo de Michel Temer.&nbsp; Entre militares ele \u00e9 considerado moderado. O Alto Comando se re\u00fane para indicar a Bolsonaro para indicar o substituto do general Pujol.&nbsp;<\/p>\n\n\n\n<p>Na segunda-feira, Bolsonaro promoveu seis mudan\u00e7as no seu minist\u00e9rio, entre elas a sa\u00edda do general Fernando Azevedo e Silva, ministro da Defesa, pasta \u00e0 qual as For\u00e7as Armadas est\u00e3o vinculadas. Para seu lugar, o presidente deslocou Braga Netto.<\/p>\n\n\n\n<p>A demiss\u00e3o de Azevedo foi interpretada por integrantes das For\u00e7as Armadas como uma tentativa de Jair Bolsonaro enquadrar os militares. Surpreendidos, os comandantes das tr\u00eas for\u00e7as fizeram uma reuni\u00e3o na tarde de ontem.<\/p>\n\n\n\n<p>Ap\u00f3s ser demitido em uma conversa de cerca de cinco minutos, Azevedo divulgou nota dizendo que saiu \u201cna certeza da miss\u00e3o cumprida\u201d, sem explicar o motivo da demiss\u00e3o, mas ressaltando que preservou \u201cas For\u00e7as Armadas como institui\u00e7\u00f5es de Estado\u201d. O tom do texto, segundo militares, exp\u00f4s a press\u00e3o que o ministro vinha sofrendo de Bolsonaro. O presidente j\u00e1 vinha demostrando uma insatisfa\u00e7\u00e3o com o Minist\u00e9rio da Defesa, pois quer das For\u00e7as Armadas um maior alinhamento ao governo.<\/p>\n\n\n\n<p>A maior cobran\u00e7a mirava Pujol, comandante do Ex\u00e9rcito, que sempre tentou se distanciar dos v\u00ednculos com o governo. Em novembro do ano passado, com aumento das cr\u00edticas ao ent\u00e3o ministro da Sa\u00fade, general Eduardo Pazuello, ele disse que \u201cmilitares n\u00e3o querem fazer parte da pol\u00edtica\u201d, delimitando que o Ex\u00e9rcito \u00e9 uma institui\u00e7\u00e3o de Estado e n\u00e3o de governo.<\/p>\n\n\n\n<p>A tens\u00e3o foi aumentando at\u00e9 que Bolsonaro pediu que Pujol sa\u00edsse. Azevedo e Silva atuou como escudo e n\u00e3o quis fazer a troca. O estopim para a demiss\u00e3o do ministro foi uma entrevista concedida ontem pelo general Paulo S\u00e9rgio, chefe do Departamento-Geral de Pessoal do Ex\u00e9rcito, ao jornal \u201cCorreio Braziliense\u201d na qual ele disse que o Ex\u00e9rcito j\u00e1 se preparava para a terceira onda da pandemia da Covid-19. Bolsonaro pediu puni\u00e7\u00e3o ao militar, mas Pujol resistiu e teve o aval do ministro.<\/p>\n","protected":false},"excerpt":{"rendered":"<p>BRAS\u00cdLIA \u2014 O Minist\u00e9rio da Defesa anunciou nesta ter\u00e7a-feira a troca dos tr\u00eas comandantes das For\u00e7as Armadas.&nbsp;&nbsp;O an\u00fancio da substitui\u00e7\u00e3o<\/p>\n","protected":false},"author":1,"featured_media":150,"comment_status":"open","ping_status":"open","sticky":false,"template":"","format":"standard","meta":{"colormag_page_container_layout":"default_layout","colormag_page_sidebar_layout":"default_layout","footnotes":""},"categories":[12],"tags":[],"class_list":["post-148","post","type-post","status-publish","format-standard","has-post-thumbnail","hentry","category-noticias-brasil"],"aioseo_notices":[],"_links":{"self":[{"href":"https:\/\/portalr3.online\/index.php\/wp-json\/wp\/v2\/posts\/148","targetHints":{"allow":["GET"]}}],"collection":[{"href":"https:\/\/portalr3.online\/index.php\/wp-json\/wp\/v2\/posts"}],"about":[{"href":"https:\/\/portalr3.online\/index.php\/wp-json\/wp\/v2\/types\/post"}],"author":[{"embeddable":true,"href":"https:\/\/portalr3.online\/index.php\/wp-json\/wp\/v2\/users\/1"}],"replies":[{"embeddable":true,"href":"https:\/\/portalr3.online\/index.php\/wp-json\/wp\/v2\/comments?post=148"}],"version-history":[{"count":0,"href":"https:\/\/portalr3.online\/index.php\/wp-json\/wp\/v2\/posts\/148\/revisions"}],"wp:featuredmedia":[{"embeddable":true,"href":"https:\/\/portalr3.online\/index.php\/wp-json\/wp\/v2\/media\/150"}],"wp:attachment":[{"href":"https:\/\/portalr3.online\/index.php\/wp-json\/wp\/v2\/media?parent=148"}],"wp:term":[{"taxonomy":"category","embeddable":true,"href":"https:\/\/portalr3.online\/index.php\/wp-json\/wp\/v2\/categories?post=148"},{"taxonomy":"post_tag","embeddable":true,"href":"https:\/\/portalr3.online\/index.php\/wp-json\/wp\/v2\/tags?post=148"}],"curies":[{"name":"wp","href":"https:\/\/api.w.org\/{rel}","templated":true}]}}