{"id":142,"date":"2021-03-30T15:00:34","date_gmt":"2021-03-30T18:00:34","guid":{"rendered":"https:\/\/noticiasnomundo.online\/?p=142"},"modified":"2021-03-30T15:00:34","modified_gmt":"2021-03-30T18:00:34","slug":"nunca-vi-impeachment-de-ministro-diz-mourao-sobre-ernesto-araujo","status":"publish","type":"post","link":"https:\/\/portalr3.online\/index.php\/2021\/03\/30\/nunca-vi-impeachment-de-ministro-diz-mourao-sobre-ernesto-araujo\/","title":{"rendered":"&#8216;Nunca vi impeachment de ministro&#8217;, diz Mour\u00e3o sobre Ernesto Ara\u00fajo"},"content":{"rendered":"\n<p>Mour\u00e3o disse que a situa\u00e7\u00e3o do ministro no governo \u00e9 analisada desde a semana passada pelo presidente Jair Bolsonaro e que \u00e9 preciso aguardar a decis\u00e3o do chefe do Executivo <\/p>\n\n\n\n<p>tista\/VPRDiante da press\u00e3o do Congresso para que o ministro das Rela\u00e7\u00f5es Exteriores, Ernesto Ara\u00fajo, deixe o governo, o vice-presidente Hamilton Mour\u00e3o avaliou nesta segunda-feira, 29, como uma &#8220;briga pol\u00edtica&#8221; a possibilidade de senadores pedirem o impeachment do chanceler no Supremo Tribunal Federal (STF). Mour\u00e3o disse que a situa\u00e7\u00e3o do ministro no governo \u00e9 analisada desde a semana passada pelo presidente Jair Bolsonaro e que \u00e9 preciso aguardar a decis\u00e3o do chefe do Executivo.&#8221;Os ministros s\u00e3o escolhidos pelo presidente. O presidente toma decis\u00e3o de acordo com a vis\u00e3o que os assessores dele lhe passam. N\u00e3o sei o que vai acontecer&#8221;, comentou em conversa com jornalistas nesta manh\u00e3 ao chegar \u00e0 vice-presid\u00eancia. Questionado, Mour\u00e3o minimizou a inten\u00e7\u00e3o dos senadores Alessandro Vieira (Cidadania-SE) e Randolfe Rodrigues (Rede-AP) de apresentarem ao STF um pedido de impeachment contra Ara\u00fajo. &#8220;Nunca vi impeachment de ministro. Isso a\u00ed tudo \u00e9 briga pol\u00edtica&#8221;, disse.O vice-presidente diz ter tomado conhecimento ontem sobre a press\u00e3o contra o chanceler brasileiro. Mour\u00e3o tamb\u00e9m acrescentou n\u00e3o ter conversado com Bolsonaro sobre o assunto, mas se disp\u00f4s a opinar sobre a situa\u00e7\u00e3o de Ara\u00fajo no governo caso Bolsonaro o questionasse. &#8220;Deixo a\u00ed a crit\u00e9rio de quem tem o poder de decidir isso. A minha opini\u00e3o, se o presidente perguntar, digo para ele, s\u00f3 para ele&#8221;, afirmou.Em janeiro, Mour\u00e3o afirmou que mudan\u00e7as na equipe ministerial eram cogitadas por Bolsonaro e citou como uma das possibilidades a sa\u00edda de Ernesto Ara\u00fajo. Depois, a fala do vice foi negada por Bolsonaro. Na \u00e9poca, a atua\u00e7\u00e3o do ministro era colocada em d\u00favida ap\u00f3s dificuldades de negocia\u00e7\u00f5es com a China na aquisi\u00e7\u00e3o de insumos para a vacina contra a covid-19. Ara\u00fajo chegou a ser afastado das articula\u00e7\u00f5es com o governo chin\u00eas, em fun\u00e7\u00e3o de j\u00e1 ter protagonizado atritos com o embaixador da China no Brasil, Yang Wanming.Desde a semana passada, parlamentares t\u00eam cobrado publicamente a demiss\u00e3o do chefe do Itamaraty. Neste fim de semana, o ministro protagonizou atrito com a senadora K\u00e1tia Abreu (PP-TO), que \u00e9 presidente da Comiss\u00e3o de Rela\u00e7\u00f5es Exteriores do Senado. Em suas redes sociais, Ara\u00fajo divulgou o conte\u00fado de uma conversa com K\u00e1tia Abreu e tentou associar a press\u00e3o para que deixe o minist\u00e9rio a um lobby em rela\u00e7\u00e3o ao 5G.&#8221;Vamos aguardar para ver o que vai acontecer. O presidente Bolsonaro est\u00e1 raciocinando sobre isso desde a semana passada, vamos ver qual decis\u00e3o ele vai tomar&#8221;, concluiu Mour\u00e3o.<\/p>\n\n\n\n<p><\/p>\n","protected":false},"excerpt":{"rendered":"<p>Mour\u00e3o disse que a situa\u00e7\u00e3o do ministro no governo \u00e9 analisada desde a semana passada pelo presidente Jair Bolsonaro e<\/p>\n","protected":false},"author":1,"featured_media":188,"comment_status":"open","ping_status":"open","sticky":false,"template":"","format":"standard","meta":{"colormag_page_container_layout":"default_layout","colormag_page_sidebar_layout":"default_layout","footnotes":""},"categories":[12],"tags":[],"class_list":["post-142","post","type-post","status-publish","format-standard","has-post-thumbnail","hentry","category-noticias-brasil"],"aioseo_notices":[],"_links":{"self":[{"href":"https:\/\/portalr3.online\/index.php\/wp-json\/wp\/v2\/posts\/142","targetHints":{"allow":["GET"]}}],"collection":[{"href":"https:\/\/portalr3.online\/index.php\/wp-json\/wp\/v2\/posts"}],"about":[{"href":"https:\/\/portalr3.online\/index.php\/wp-json\/wp\/v2\/types\/post"}],"author":[{"embeddable":true,"href":"https:\/\/portalr3.online\/index.php\/wp-json\/wp\/v2\/users\/1"}],"replies":[{"embeddable":true,"href":"https:\/\/portalr3.online\/index.php\/wp-json\/wp\/v2\/comments?post=142"}],"version-history":[{"count":0,"href":"https:\/\/portalr3.online\/index.php\/wp-json\/wp\/v2\/posts\/142\/revisions"}],"wp:featuredmedia":[{"embeddable":true,"href":"https:\/\/portalr3.online\/index.php\/wp-json\/wp\/v2\/media\/188"}],"wp:attachment":[{"href":"https:\/\/portalr3.online\/index.php\/wp-json\/wp\/v2\/media?parent=142"}],"wp:term":[{"taxonomy":"category","embeddable":true,"href":"https:\/\/portalr3.online\/index.php\/wp-json\/wp\/v2\/categories?post=142"},{"taxonomy":"post_tag","embeddable":true,"href":"https:\/\/portalr3.online\/index.php\/wp-json\/wp\/v2\/tags?post=142"}],"curies":[{"name":"wp","href":"https:\/\/api.w.org\/{rel}","templated":true}]}}