{"id":140,"date":"2021-03-30T14:55:48","date_gmt":"2021-03-30T17:55:48","guid":{"rendered":"https:\/\/noticiasnomundo.online\/?p=140"},"modified":"2021-03-30T14:55:48","modified_gmt":"2021-03-30T17:55:48","slug":"ministerio-da-defesa-anuncia-saida-dos-comandantes-das-tres-forcas-armadas","status":"publish","type":"post","link":"https:\/\/portalr3.online\/index.php\/2021\/03\/30\/ministerio-da-defesa-anuncia-saida-dos-comandantes-das-tres-forcas-armadas\/","title":{"rendered":"Minist\u00e9rio da Defesa anuncia sa\u00edda dos comandantes das tr\u00eas For\u00e7as Armadas"},"content":{"rendered":"\n<p>Na nota, o minist\u00e9rio n\u00e3o informou o motivo da sa\u00edda dos tr\u00eas nem nomes dos substitutos. An\u00fancio acontece um dia ap\u00f3s Fernando Azevedo e Silva ter deixado cargo de ministro.<\/p>\n\n\n\n<p>O&nbsp;Minist\u00e9rio da Defesa&nbsp;anunciou nesta ter\u00e7a-feira (30) a sa\u00edda dos comandantes das tr\u00eas For\u00e7as Armadas: Edson Pujol (Ex\u00e9rcito), Ilques Barbosa (Marinha) e Ant\u00f4nio Carlos Moretti Bermudez (Aeron\u00e1utica).<\/p>\n\n\n\n<p>Na nota, o minist\u00e9rio n\u00e3o informou o motivo da sa\u00edda dos tr\u00eas nem anunciou os substitutos.<\/p>\n\n\n\n<p>O an\u00fancio acontece um dia ap\u00f3s&nbsp;Fernando Azevedo e Silva&nbsp;ter&nbsp;deixado o cargo&nbsp;de ministro da Defesa. Para o lugar dele,&nbsp;foi anunciado o general da reserva Walter Souza Braga Netto, que at\u00e9 ent\u00e3o comandava a Casa Civil.<\/p>\n\n\n\n<p>Esta \u00e9 a primeira vez desde 1985 que os comandantes das tr\u00eas For\u00e7as Armadas deixam o cargo ao mesmo tempo sem ser em per\u00edodo de troca de governo.<\/p>\n\n\n\n<p>Em novembro do ano passado, o comandante do Ex\u00e9rcito, Edson Pujol, afirmou que&nbsp;os militares n\u00e3o querem &#8220;fazer parte da pol\u00edtica, muito menos deixar a pol\u00edtica entrar nos quart\u00e9is&#8221;.<\/p>\n\n\n\n<p>Na ocasi\u00e3o, o vice-presidente Hamilton Mor\u00e3o, tamb\u00e9m general quatro estrelas da reserva,&nbsp;refor\u00e7ou a posi\u00e7\u00e3o de Pujol.<\/p>\n\n\n\n<h2 class=\"wp-block-heading\">\u00cdntegra<\/h2>\n\n\n\n<p>Leia a \u00edntegra da nota do Minist\u00e9rio da Defesa:<\/p>\n\n\n\n<p><em>Minist\u00e9rio da Defesa<\/em><\/p>\n\n\n\n<p><em>Centro de Comunica\u00e7\u00e3o Social da Defesa<\/em><\/p>\n\n\n\n<p><em>Nota oficial<\/em><\/p>\n\n\n\n<p><em>Bras\u00edlia, DF<\/em><\/p>\n\n\n\n<p><em>Em 30 de mar\u00e7o de 2021<\/em><\/p>\n\n\n\n<p><em>O Minist\u00e9rio da Defesa (MD) informa que os Comandantes da Marinha, do Ex\u00e9rcito e da Aeron\u00e1utica ser\u00e3o substitu\u00eddos.<\/em><\/p>\n\n\n\n<p><em>A decis\u00e3o foi comunicada em reuni\u00e3o realizada nesta ter\u00e7a-feira (30), com presen\u00e7a do Ministro da Defesa nomeado, Braga Netto, do ex-ministro, Fernando Azevedo, e dos Comandantes das For\u00e7as<\/em><\/p>\n\n\n\n<p><\/p>\n","protected":false},"excerpt":{"rendered":"<p>Na nota, o minist\u00e9rio n\u00e3o informou o motivo da sa\u00edda dos tr\u00eas nem nomes dos substitutos. An\u00fancio acontece um dia<\/p>\n","protected":false},"author":1,"featured_media":159,"comment_status":"open","ping_status":"open","sticky":false,"template":"","format":"standard","meta":{"colormag_page_container_layout":"default_layout","colormag_page_sidebar_layout":"default_layout","footnotes":""},"categories":[12],"tags":[],"class_list":["post-140","post","type-post","status-publish","format-standard","has-post-thumbnail","hentry","category-noticias-brasil"],"aioseo_notices":[],"_links":{"self":[{"href":"https:\/\/portalr3.online\/index.php\/wp-json\/wp\/v2\/posts\/140","targetHints":{"allow":["GET"]}}],"collection":[{"href":"https:\/\/portalr3.online\/index.php\/wp-json\/wp\/v2\/posts"}],"about":[{"href":"https:\/\/portalr3.online\/index.php\/wp-json\/wp\/v2\/types\/post"}],"author":[{"embeddable":true,"href":"https:\/\/portalr3.online\/index.php\/wp-json\/wp\/v2\/users\/1"}],"replies":[{"embeddable":true,"href":"https:\/\/portalr3.online\/index.php\/wp-json\/wp\/v2\/comments?post=140"}],"version-history":[{"count":0,"href":"https:\/\/portalr3.online\/index.php\/wp-json\/wp\/v2\/posts\/140\/revisions"}],"wp:featuredmedia":[{"embeddable":true,"href":"https:\/\/portalr3.online\/index.php\/wp-json\/wp\/v2\/media\/159"}],"wp:attachment":[{"href":"https:\/\/portalr3.online\/index.php\/wp-json\/wp\/v2\/media?parent=140"}],"wp:term":[{"taxonomy":"category","embeddable":true,"href":"https:\/\/portalr3.online\/index.php\/wp-json\/wp\/v2\/categories?post=140"},{"taxonomy":"post_tag","embeddable":true,"href":"https:\/\/portalr3.online\/index.php\/wp-json\/wp\/v2\/tags?post=140"}],"curies":[{"name":"wp","href":"https:\/\/api.w.org\/{rel}","templated":true}]}}