{"id":138,"date":"2021-03-30T14:47:54","date_gmt":"2021-03-30T17:47:54","guid":{"rendered":"https:\/\/noticiasnomundo.online\/?p=138"},"modified":"2021-03-30T14:47:54","modified_gmt":"2021-03-30T17:47:54","slug":"com-demissao-de-ernesto-araujo-ricardo-salles-e-o-proximo-na-berlinda","status":"publish","type":"post","link":"https:\/\/portalr3.online\/index.php\/2021\/03\/30\/com-demissao-de-ernesto-araujo-ricardo-salles-e-o-proximo-na-berlinda\/","title":{"rendered":"Com demiss\u00e3o de Ernesto Ara\u00fajo, Ricardo Salles \u00e9 o pr\u00f3ximo na berlinda"},"content":{"rendered":"\n<p>Membro da ala ideol\u00f3gica, ministro do Meio Ambiente \u00e9 criticado por prejudicar a imagem do Brasil no exterior. Ricardo Salles, no entanto, conta com um cen\u00e1rio mais favor\u00e1vel que o do ex-chefe do Itamaraty, que acabou pagando pelos erros de Bolsonaro na gest\u00e3o da pandemia.<\/p>\n\n\n\n<p>O ministro do Meio Ambiente, Ricardo Salles, ser\u00e1 o pr\u00f3ximo a sofrer press\u00f5es por demiss\u00e3o por parte de parlamentares. O motivo \u00e9 parecido com o que levou \u00e0 queda do ex-ministro das Rela\u00e7\u00f5es&nbsp;Exteriores&nbsp;Ernesto Ara\u00fajo. A pol\u00edtica ambiental de Salles resultou na disparada do desmatamento da Amaz\u00f4nia em 2020 e recorde de queimadas no Pantanal, com aumento de 158% em rela\u00e7\u00e3o ao ano anterior, segundo dados do Instituto Nacional de Pesquisas Espaciais (Inpe).<\/p>\n\n\n\n<p>No caso de Ernesto, a incapacidade do Itamaraty em conseguir articular vacinas com parceiros comerciais, quando o n\u00famero de mortos pelo coronav\u00edrus aumentou rapidamente, pesou contra sua perman\u00eancia. Sob esse aspecto, a posi\u00e7\u00e3o do ministro do Meio Ambiente \u00e9 mais confort\u00e1vel. Salles tem apoio de parte dos parlamentares, o que pode ajud\u00e1-lo a se manter, diferentemente do ex-colega de Esplanada. Outro fator que pesa a seu favor \u00e9 o rearranjo ministerial de Bolsonaro. Segundo alguns parlamentares, foram muitas trocas de ministros para que mais um entre na berlinda.<\/p>\n\n\n\n<p>O vice-l\u00edder do Cidadania, Daniel Coelho (PE), compara as gest\u00f5es de Ernesto e Salles. Enquanto o primeiro arrumou contendas com os principais parceiros comerciais do Brasil, China e Estados Unidos, o outro disparou contra a pauta ambiental em vez de trabalhar para organiz\u00e1-la e coloc\u00e1-la em pr\u00e1tica. &#8220;A cada entrevista, o ministro do Meio Ambiente faz agress\u00e3o a uma ONG a pauta ambiental, em vez de criar uma pauta.<\/p>\n\n\n\n<p>&#8220;O Itamaraty tem uma depend\u00eancia grande do Senado. \u00c9 invi\u00e1vel ter um chanceler que n\u00e3o lide bem com o Senado. Com outros minist\u00e9rios, n\u00e3o \u00e9 a mesma coisa. Mas a press\u00e3o em cima de Salles \u00e9 grande e une a defesa do meio ambiente e o agroneg\u00f3cio, ambos insatisfeitos. O grande empres\u00e1rio da agropecu\u00e1ria quer respeito \u00e0 legisla\u00e7\u00e3o para vender. O empreendedor do agro acaba sendo confundido com o bandido que desmata. Salles atua confundindo tudo, como se o interesse do agro fosse contra o meio ambiente, e n\u00e3o \u00e9 verdade&#8221;, afirmou Daniel Coelho.<\/p>\n\n\n\n<p>Membro da Comiss\u00e3o de Agricultura, Pecu\u00e1ria, Abastecimento e Desenvolvimento Rural, Carlos Bezerra (MDB-MT) avisou que empres\u00e1rios do agro poderiam ter grandes preju\u00edzos com Ernesto Ara\u00fajo \u00e0 frente do Itamaraty, e que o risco se repete com Salles. &#8220;Se a China fosse mesquinha, tinha quebrado o agroneg\u00f3cio. Somos altamente dependentes da China. Meu estado, se acontecer alguma coisa, estaria totalmente quebrado. Tanto Ernesto quanto Salles j\u00e1 deviam ter sa\u00eddo h\u00e1 muito tempo. Prejudicam o pa\u00eds, a imagem do pa\u00eds no exterior\u201d, criticou.<\/p>\n\n\n\n<p>Tamb\u00e9m da comiss\u00e3o, o deputado Alceu Moreira (MDB-RS) defendeu Salles. Para ele, o ministro marca posi\u00e7\u00e3o contra ambientalistas da oposi\u00e7\u00e3o, mas \u00e9 tecnicamente eficiente. O parlamentar argumentou, ainda, que, por isso, o ministro seria diferente de Ernesto. \u201cEle pode ter uma narrativa que fere os interesses (da oposi\u00e7\u00e3o), mas a quest\u00e3o ambiental tem um conte\u00fado ideol\u00f3gico mais denso. Ele tem qualidade t\u00e9cnica. Pode ter cometido excessos ao se expressar, mas n\u00e3o \u00e9 um dano para o governo. Tecnicamente, ele \u00e9 muito bom\u201d, ponderou.<\/p>\n\n\n\n<p>Luis Miranda (DEM-DF) afirmou que Salles se recolheu estrategicamente e que a demiss\u00e3o de Ernesto e a sa\u00edda do general Eduardo Pazuello do Minist\u00e9rio da Sa\u00fade aplacaram a insatisfa\u00e7\u00e3o do parlamento. &#8220;Trocar tr\u00eas ministros? Jair Bolsonaro pode at\u00e9 ceder. Ele estava convencido que os desgastes com Ernesto e Pazuello eram grandes. Mas o Salles \u00e9 pedir demais para Bolsonaro\u201d, avaliou. Para o parlamentar, um bom chanceler apaziguar\u00e1 o discurso de Salles e o tornar\u00e1 palat\u00e1vel para outros pa\u00edses.<\/p>\n","protected":false},"excerpt":{"rendered":"<p>Membro da ala ideol\u00f3gica, ministro do Meio Ambiente \u00e9 criticado por prejudicar a imagem do Brasil no exterior. Ricardo Salles,<\/p>\n","protected":false},"author":1,"featured_media":190,"comment_status":"open","ping_status":"open","sticky":false,"template":"","format":"standard","meta":{"colormag_page_container_layout":"default_layout","colormag_page_sidebar_layout":"default_layout","footnotes":""},"categories":[12],"tags":[],"class_list":["post-138","post","type-post","status-publish","format-standard","has-post-thumbnail","hentry","category-noticias-brasil"],"aioseo_notices":[],"_links":{"self":[{"href":"https:\/\/portalr3.online\/index.php\/wp-json\/wp\/v2\/posts\/138","targetHints":{"allow":["GET"]}}],"collection":[{"href":"https:\/\/portalr3.online\/index.php\/wp-json\/wp\/v2\/posts"}],"about":[{"href":"https:\/\/portalr3.online\/index.php\/wp-json\/wp\/v2\/types\/post"}],"author":[{"embeddable":true,"href":"https:\/\/portalr3.online\/index.php\/wp-json\/wp\/v2\/users\/1"}],"replies":[{"embeddable":true,"href":"https:\/\/portalr3.online\/index.php\/wp-json\/wp\/v2\/comments?post=138"}],"version-history":[{"count":0,"href":"https:\/\/portalr3.online\/index.php\/wp-json\/wp\/v2\/posts\/138\/revisions"}],"wp:featuredmedia":[{"embeddable":true,"href":"https:\/\/portalr3.online\/index.php\/wp-json\/wp\/v2\/media\/190"}],"wp:attachment":[{"href":"https:\/\/portalr3.online\/index.php\/wp-json\/wp\/v2\/media?parent=138"}],"wp:term":[{"taxonomy":"category","embeddable":true,"href":"https:\/\/portalr3.online\/index.php\/wp-json\/wp\/v2\/categories?post=138"},{"taxonomy":"post_tag","embeddable":true,"href":"https:\/\/portalr3.online\/index.php\/wp-json\/wp\/v2\/tags?post=138"}],"curies":[{"name":"wp","href":"https:\/\/api.w.org\/{rel}","templated":true}]}}