{"id":134,"date":"2021-03-29T21:45:37","date_gmt":"2021-03-30T00:45:37","guid":{"rendered":"https:\/\/noticiasnomundo.online\/?p=134"},"modified":"2021-03-29T21:45:37","modified_gmt":"2021-03-30T00:45:37","slug":"eua-vao-expandir-vacinacao-contra-a-covid-19-para-90-da-populacao-adulta-ate-meados-de-abril","status":"publish","type":"post","link":"https:\/\/portalr3.online\/index.php\/2021\/03\/29\/eua-vao-expandir-vacinacao-contra-a-covid-19-para-90-da-populacao-adulta-ate-meados-de-abril\/","title":{"rendered":"EUA v\u00e3o expandir vacina\u00e7\u00e3o contra a Covid-19 para 90% da popula\u00e7\u00e3o adulta at\u00e9 meados de abril"},"content":{"rendered":"\n<p>A ideia \u00e9 que 90% desse p\u00fablico possa encontrar um&nbsp;posto de imuniza\u00e7\u00e3o a at\u00e9 5 milhas \u2014 ou seja, pouco mais de 8 quil\u00f4metros \u2014 de casa. As diretrizes foram formalmente anunciadas pelo presidente&nbsp;Joe Biden&nbsp;nesta tarde.<\/p>\n\n\n\n<blockquote class=\"wp-block-quote is-layout-flow wp-block-quote-is-layout-flow\"><p>&#8220;Para a enorme maioria dos adultos, n\u00e3o ser\u00e1 preciso aguardar at\u00e9 1\u00ba de maio. Voc\u00eas poder\u00e3o tomar a vacina em 19 de abril&#8221;, anunciou o democrata.<\/p><p>Biden fez men\u00e7\u00e3o a 1\u00ba de maio porque essa \u00e9 a&nbsp;data colocada como meta pela Casa Branca. At\u00e9 l\u00e1, quando marcar\u00e3o 100 dias do novo governo, o presidente quer ter aplicado<strong>&nbsp;200 milh\u00f5es de doses<\/strong>. Isso representa o dobro da meta anterior, j\u00e1 alcan\u00e7ada.<\/p><p>De acordo com levantamento da ag\u00eancia Bloomberg, 146 milh\u00f5es de doses foram aplicadas at\u00e9 esta segunda, o suficiente para mais de 22% da popula\u00e7\u00e3o.<\/p><\/blockquote>\n\n\n\n<p>Ao anunciar a abertura do plano de vacina\u00e7\u00e3o, Biden relembrou que a luta contra o coronav\u00edrus &#8220;ainda est\u00e1 longe de terminar&#8221; e refor\u00e7ou a necessidade de ades\u00e3o das pessoas \u00e0s medidas de enfrentamento \u00e0 pandemia para evitar uma&nbsp;<strong>quarta onda<\/strong>.<\/p>\n\n\n\n<blockquote class=\"wp-block-quote is-layout-flow wp-block-quote-is-layout-flow\"><p>&#8220;Usem m\u00e1scaras! \u00c9 um dever patri\u00f3tico&#8221;, destacou Biden.<\/p><\/blockquote>\n\n\n\n<p>&#8220;Fizemos um grande avan\u00e7o a respeito da Covid-19, mas novas variantes est\u00e3o se espalhando rapidamente. Agora n\u00e3o \u00e9 hora de de baixar a guarda \u2014 temos que segurar a onda enquanto vacinamos o pa\u00eds&#8221;, disse Biden em mensagem nas redes sociais.<\/p>\n\n\n\n<p>Ao todo, segundo comunicado da Casa Branca, o&nbsp;<strong>n\u00famero de farm\u00e1cias credenciadas<\/strong>&nbsp;a aplicar as vacinas saltar\u00e1 de 17 mil para&nbsp;<strong>quase 40 mil<\/strong>&nbsp;nas pr\u00f3ximas semanas.<\/p>\n\n\n\n<p>Tamb\u00e9m haver\u00e1 apoio financeiro para fornecer assist\u00eancia com a log\u00edstica das doses que devem ser aplicadas em idosos em situa\u00e7\u00e3o de maior risco ou pessoas que n\u00e3o possam se locomover aos postos de vacina\u00e7\u00e3o.<\/p>\n\n\n\n<h2 class=\"wp-block-heading\">Nova York abre vacina\u00e7\u00e3o para maiores de 30 anos<\/h2>\n\n\n\n<p>Alguns estados j\u00e1 iniciaram a vacina\u00e7\u00e3o em pessoas de fora dos grupos de riscos. No estado de Nova York, a expectativa \u00e9 que a campanha para<strong>&nbsp;imunizar todos os maiores de 30 anos<\/strong>&nbsp;comece j\u00e1 nesta ter\u00e7a-feira (30). Na pr\u00f3xima semana, segundo o governador Andrew Cuomo, est\u00e1 prevista a abertura para os moradores maiores de 16 anos.<\/p>\n\n\n\n<p>Mesmo com a vacina\u00e7\u00e3o acelerada, Cuomo alerta que as medidas de preven\u00e7\u00e3o devem continuar at\u00e9 que uma parcela grande dos moradores tenha recebido as doses e que a transmiss\u00e3o, enfim, caia a n\u00edveis seguros.<\/p>\n\n\n\n<blockquote class=\"wp-block-quote is-layout-flow wp-block-quote-is-layout-flow\"><p>&#8220;N\u00f3s podemos ver a luz no fim do t\u00fanel, mas at\u00e9 chegarmos l\u00e1 \u00e9 mais importante do que nunca que todos usem m\u00e1scaras, fa\u00e7am distanciamento social e sigam todos os protocolos de seguran\u00e7a&#8221;, ressaltou.<\/p><cite>Nova York foi, h\u00e1 um ano, o estado atingido com mais gravidade pela pandemia. A situa\u00e7\u00e3o melhorou ap\u00f3s a imposi\u00e7\u00e3o de um r\u00edgido confinamento, e o estado resistiu \u00e0 segunda onda enquanto a situa\u00e7\u00e3o piorava no restante do pa\u00eds. No entanto, no fim de 2020, os n\u00fameros voltaram a subir e a preocupar as autoridades locais.<\/cite><\/blockquote>\n\n\n\n<p><\/p>\n","protected":false},"excerpt":{"rendered":"<p>A ideia \u00e9 que 90% desse p\u00fablico possa encontrar um&nbsp;posto de imuniza\u00e7\u00e3o a at\u00e9 5 milhas \u2014 ou seja, pouco<\/p>\n","protected":false},"author":1,"featured_media":191,"comment_status":"open","ping_status":"open","sticky":false,"template":"","format":"standard","meta":{"colormag_page_container_layout":"default_layout","colormag_page_sidebar_layout":"default_layout","footnotes":""},"categories":[3],"tags":[],"class_list":["post-134","post","type-post","status-publish","format-standard","has-post-thumbnail","hentry","category-covid-19"],"aioseo_notices":[],"_links":{"self":[{"href":"https:\/\/portalr3.online\/index.php\/wp-json\/wp\/v2\/posts\/134","targetHints":{"allow":["GET"]}}],"collection":[{"href":"https:\/\/portalr3.online\/index.php\/wp-json\/wp\/v2\/posts"}],"about":[{"href":"https:\/\/portalr3.online\/index.php\/wp-json\/wp\/v2\/types\/post"}],"author":[{"embeddable":true,"href":"https:\/\/portalr3.online\/index.php\/wp-json\/wp\/v2\/users\/1"}],"replies":[{"embeddable":true,"href":"https:\/\/portalr3.online\/index.php\/wp-json\/wp\/v2\/comments?post=134"}],"version-history":[{"count":0,"href":"https:\/\/portalr3.online\/index.php\/wp-json\/wp\/v2\/posts\/134\/revisions"}],"wp:featuredmedia":[{"embeddable":true,"href":"https:\/\/portalr3.online\/index.php\/wp-json\/wp\/v2\/media\/191"}],"wp:attachment":[{"href":"https:\/\/portalr3.online\/index.php\/wp-json\/wp\/v2\/media?parent=134"}],"wp:term":[{"taxonomy":"category","embeddable":true,"href":"https:\/\/portalr3.online\/index.php\/wp-json\/wp\/v2\/categories?post=134"},{"taxonomy":"post_tag","embeddable":true,"href":"https:\/\/portalr3.online\/index.php\/wp-json\/wp\/v2\/tags?post=134"}],"curies":[{"name":"wp","href":"https:\/\/api.w.org\/{rel}","templated":true}]}}