{"id":131,"date":"2021-03-29T21:35:19","date_gmt":"2021-03-30T00:35:19","guid":{"rendered":"https:\/\/noticiasnomundo.online\/?p=131"},"modified":"2021-03-29T21:35:19","modified_gmt":"2021-03-30T00:35:19","slug":"ministerio-fara-campanha-por-uso-racional-de-oxigenio-em-hospitais","status":"publish","type":"post","link":"https:\/\/portalr3.online\/index.php\/2021\/03\/29\/ministerio-fara-campanha-por-uso-racional-de-oxigenio-em-hospitais\/","title":{"rendered":"&#8220;Minist\u00e9rio far\u00e1 campanha por uso &#8216;racional&#8217; de oxig\u00eanio em hospitais&#8221;"},"content":{"rendered":"\n<p>O ministro da Sa\u00fade,\u00a0Marcelo Queiroga, afirmou nesta segunda-feira (29) que a pasta far\u00e1 uma campanha a favor do uso &#8220;racional&#8221; de oxig\u00eanio em hospitais.<\/p>\n\n\n\n<p>Queiroga deu a declara\u00e7\u00e3o ao participar de uma audi\u00eancia do\u00a0Senado. Aos parlamentares, afirmou tamb\u00e9m que muitas pessoas recebem oxig\u00eanio nos hospitais mesmo sem precisar.<\/p>\n\n\n\n<p>&#8220;Todos sabemos que muitas pessoas chegam aos hospitais e a\u00ed, \u00e0s vezes, a primeira provid\u00eancia \u00e9 colocar o oxig\u00eanio nasal em quem n\u00e3o precisa do oxig\u00eanio. Ent\u00e3o, vamos tentar economizar. Vamos fazer grande campanha, junto aos profissionais de sa\u00fade, para o uso racional do oxig\u00eanio&#8221;, disse.<\/p>\n\n\n\n<p>Segundo o ministro, a pasta vai elaborar os protocolos que &#8220;racionalizem o uso de oxig\u00eanio&#8221;.<\/p>\n\n\n\n<p>No in\u00edcio deste ano, hospitais de Manaus (AM) enfrentaram uma\u00a0crise no abastecimento de oxig\u00eanio. Isso porque, na ocasi\u00e3o, o volume necess\u00e1rio para atender aos pacientes era inferior ao volume dispon\u00edvel nas unidades de sa\u00fade. Em S\u00e3o Paulo,\u00a0tamb\u00e9m h\u00e1 relatos de falta de oxig\u00eanio\u00a0em alguns hospitais.<\/p>\n\n\n\n<p>A Procuradoria Geral da Rep\u00fablica (PGR) afirma que, segundo dados do governo,\u00a0seis estados s\u00e3o os mais cr\u00edticos para falta de oxig\u00eanio: Acre, Rond\u00f4nia, Mato Grosso, Amap\u00e1, Cear\u00e1 e Rio Grande do Norte.<\/p>\n\n\n\n<h2 class=\"wp-block-heading\">Caminh\u00f5es-tanque<\/h2>\n\n\n\n<p>Durante a audi\u00eancia do Senado, Marcelo Queiroga afirmou que o governo importou 13 caminh\u00f5es-tanque do Canad\u00e1 para que chegue mais oxig\u00eanio aos hospitais.<\/p>\n\n\n\n<p>De acordo com o ministro da Sa\u00fade, o pa\u00eds necessita de 50 caminh\u00f5es-tanque carregados de oxig\u00eanio. Ele afirmou que a alternativa encontrada foi a de compra de carros usados.<\/p>\n\n\n\n<p>&#8220;Legisla\u00e7\u00e3o brasileira pro\u00edbe importa\u00e7\u00e3o de carro usado. Mas aqui n\u00e3o estamos adquirindo carros usados, estamos adquirindo insumo estrat\u00e9gico para o nosso sistema de sa\u00fade&#8221;, acrescentou.<\/p>\n\n\n\n<h2 class=\"wp-block-heading\">Produ\u00e7\u00e3o<\/h2>\n\n\n\n<p>Segundo o ministro, a capacidade do Brasil tamb\u00e9m \u00e9 limitada quanto \u00e0 produ\u00e7\u00e3o de cilindros, que servem para armazenar o oxig\u00eanio l\u00edquido usado pelos pacientes.<\/p>\n\n\n\n<p>Ele disse que conversou com o presidente da Federa\u00e7\u00e3o das Ind\u00fastrias do Estado de S\u00e3o Paulo (Fiesp), Paulo Skaf, para pedir que fossem transferidos para a\u00e7\u00f5es de sa\u00fade os cilindros usados na \u00e1rea industrial.<\/p>\n\n\n\n<p>&#8220;N\u00e3o podemos desviar todo o oxig\u00eanio da \u00e1rea da ind\u00fastria para a \u00e1rea medicinal porque, sen\u00e3o, a ind\u00fastria vai ficar desabastecida, e a\u00ed a gente tamb\u00e9m n\u00e3o produz insumos estrat\u00e9gicos, como seringas&#8221;, disse.<\/p>\n\n\n\n<h2 class=\"wp-block-heading\">Outros pontos<\/h2>\n\n\n\n<p>Saiba outros pontos abordados pelo ministro durante a audi\u00eancia do Senado:<\/p>\n\n\n\n<ul class=\"wp-block-list\"><li>Anunciou negocia\u00e7\u00e3o de permuta com governo dos EUA para aquisi\u00e7\u00e3o de 20 milh\u00f5es de doses de vacinas, provavelmente por meio cons\u00f3rcio Covax Facility. O ministro informou que se reuniu nesta segunda com o embaixador brasileiro em Washington, Nestor Forster, e que vai se encontrar nesta ter\u00e7a (30) com o embaixador dos Estados Unidos no Brasil, Todd Chapman;<\/li><li>Afirmou que o governo vai comprar mais lotes da vacina da Pfizer, al\u00e9m das 100 milh\u00f5es de doses j\u00e1 negociadas;<\/li><li>Disse que pediu \u00e0 Organiza\u00e7\u00e3o Pan-Americana de Sa\u00fade (OPAS) insumos do &#8216;kit intuba\u00e7\u00e3o&#8217;, mas que atualmente n\u00e3o h\u00e1 estoque dispon\u00edvel;<\/li><li>Disse que o governo precisa adquirir cerca de 50 milh\u00f5es de doses de imunizantes para acelerar o Programa Nacional de Imuniza\u00e7\u00e3o (PNI). Queiroga considerou como &#8220;posi\u00e7\u00e3o leg\u00edtima que precisa de ajuste regulat\u00f3rios&#8221; a dos empres\u00e1rios que querem comprar vacinas, doar uma parte para a rede p\u00fablica, mas tamb\u00e9m imunizar seus funcion\u00e1rios;<\/li><li>Afirmou que se as empresas farmac\u00eauticas desejarem atuar no sistema p\u00fablico de sa\u00fade no futuro ter\u00e3o de atender ao governo agora na pandemia;<\/li><li>Avaliou que estados e munic\u00edpios precisam se engajar, atrav\u00e9s de seus secret\u00e1rios, na importa\u00e7\u00e3o de medicamentos;<\/li><li>Disse que o minist\u00e9rio far\u00e1 campanha pelo uso de m\u00e1scara para conscientizar a popula\u00e7\u00e3o;<\/li><li>Sobre o Programa Mais M\u00e9dicos, disse que o minist\u00e9rio vai renovar os contratos perto de vencer.<\/li><\/ul>\n","protected":false},"excerpt":{"rendered":"<p>O ministro da Sa\u00fade,\u00a0Marcelo Queiroga, afirmou nesta segunda-feira (29) que a pasta far\u00e1 uma campanha a favor do uso &#8220;racional&#8221;<\/p>\n","protected":false},"author":1,"featured_media":132,"comment_status":"open","ping_status":"open","sticky":false,"template":"","format":"standard","meta":{"colormag_page_container_layout":"default_layout","colormag_page_sidebar_layout":"default_layout","footnotes":""},"categories":[3],"tags":[],"class_list":["post-131","post","type-post","status-publish","format-standard","has-post-thumbnail","hentry","category-covid-19"],"aioseo_notices":[],"_links":{"self":[{"href":"https:\/\/portalr3.online\/index.php\/wp-json\/wp\/v2\/posts\/131","targetHints":{"allow":["GET"]}}],"collection":[{"href":"https:\/\/portalr3.online\/index.php\/wp-json\/wp\/v2\/posts"}],"about":[{"href":"https:\/\/portalr3.online\/index.php\/wp-json\/wp\/v2\/types\/post"}],"author":[{"embeddable":true,"href":"https:\/\/portalr3.online\/index.php\/wp-json\/wp\/v2\/users\/1"}],"replies":[{"embeddable":true,"href":"https:\/\/portalr3.online\/index.php\/wp-json\/wp\/v2\/comments?post=131"}],"version-history":[{"count":0,"href":"https:\/\/portalr3.online\/index.php\/wp-json\/wp\/v2\/posts\/131\/revisions"}],"wp:featuredmedia":[{"embeddable":true,"href":"https:\/\/portalr3.online\/index.php\/wp-json\/wp\/v2\/media\/132"}],"wp:attachment":[{"href":"https:\/\/portalr3.online\/index.php\/wp-json\/wp\/v2\/media?parent=131"}],"wp:term":[{"taxonomy":"category","embeddable":true,"href":"https:\/\/portalr3.online\/index.php\/wp-json\/wp\/v2\/categories?post=131"},{"taxonomy":"post_tag","embeddable":true,"href":"https:\/\/portalr3.online\/index.php\/wp-json\/wp\/v2\/tags?post=131"}],"curies":[{"name":"wp","href":"https:\/\/api.w.org\/{rel}","templated":true}]}}