{"id":128,"date":"2021-03-29T21:29:00","date_gmt":"2021-03-30T00:29:00","guid":{"rendered":"https:\/\/noticiasnomundo.online\/?p=128"},"modified":"2021-03-29T21:29:00","modified_gmt":"2021-03-30T00:29:00","slug":"demissao-de-ernesto-araujo","status":"publish","type":"post","link":"https:\/\/portalr3.online\/index.php\/2021\/03\/29\/demissao-de-ernesto-araujo\/","title":{"rendered":"Demiss\u00e3o de Ernesto Ara\u00fajo"},"content":{"rendered":"\n<p>O pedido de demiss\u00e3o do ministro das Rela\u00e7\u00f5es Exteriores, Ernesto Ara\u00fajo, nesta segunda-feira (29) est\u00e1 sendo noticiado com destaque em jornais e sites estrangeiros.<\/p>\n\n\n\n<p>A informa\u00e7\u00e3o ainda n\u00e3o foi confirmada pelo governo oficialmente.<\/p>\n\n\n\n<p>Em geral, as not\u00edcias destacam a atua\u00e7\u00e3o falha de Ara\u00fajo durante a pandemia, a press\u00e3o do Congresso por sua sa\u00edda e a forma com que o ministro liderou a diplomacia brasileira.<\/p>\n\n\n\n<p>O site do brit\u00e2nico &#8220;The Guardian&#8221; diz que a ren\u00fancia de Ernesto Ara\u00fajo\u00a0encerra o &#8220;cap\u00edtulo mais calamitoso&#8221;\u00a0da hist\u00f3ria da diplomacia brasileira.<\/p>\n\n\n\n<p>&#8220;O ultraconservador ministro das Rela\u00e7\u00f5es Exteriores de Jair Bolsonaro renunciou ap\u00f3s uma rebeli\u00e3o de diplomatas e legisladores que o acusaram de acabar com a reputa\u00e7\u00e3o internacional do Brasil e colocar vidas em risco ao vandalizar as rela\u00e7\u00f5es com a China e os EUA durante a pandemia do coronav\u00edrus&#8221;, diz a publica\u00e7\u00e3o.<\/p>\n\n\n\n<p>O espanhol &#8220;El Pais&#8221; citou tamb\u00e9m a sa\u00edda do ministro da defesa, Fernando Azevedo, em uma mat\u00e9ria que\u00a0avalia a ren\u00fancia de Ara\u00fajo como &#8220;esperada&#8221;.<\/p>\n\n\n\n<p>&#8220;As intensas press\u00f5es dos \u00faltimos dias a partir das C\u00e2maras parlamentares e de representantes do poder econ\u00f4mico pretendiam obrigar o presidente Jair Bolsonaro a ceder e entregar a cabe\u00e7a do chanceler que lidera a ala mais ideol\u00f3gica de seu governo&#8221;, diz o artigo.<\/p>\n\n\n\n<p>Na reportagem do jornal argentino &#8220;Clar\u00edn&#8221;, a publica\u00e7\u00e3o diz que Ara\u00fajo foi acusado pela base pol\u00edtica de Bolsonaro como o\u00a0respons\u00e1vel por dificultar o acesso \u00e0s vacinas contra a Covid-19.<\/p>\n\n\n\n<p>&#8220;A queda de Ara\u00fajo havia sido reivindicada pela maioria do Senado, que havia anunciado a abertura de um processo de impeachment por sua neglig\u00eancia na diplomacia quanto \u00e0 pol\u00edtica de compra de vacinas&#8221;, diz o texto.<\/p>\n\n\n\n<p>O site do portugu\u00eas &#8220;Di\u00e1rio de Not\u00edcias&#8221; cita a press\u00e3o do Congresso Nacional pela sa\u00edda de Ara\u00fajo por causa, entre outros motivos,\u00a0da falha na aquisi\u00e7\u00e3o de vacinas durante a pandemia.<\/p>\n\n\n\n<p>&#8220;Ara\u00fajo acumulou desgastes ao longo de tr\u00eas anos. O \u00faltimo dos quais, decisivo para a sua queda, com o Congresso Nacional, que o acusou, pela voz dos presidentes do Senado, Rodrigo Pacheco, e da C\u00e2mara dos Deputados, Arthur Lira, de negacionista face \u00e0 pandemia e omisso na aquisi\u00e7\u00e3o de vacinas&#8221;, diz a reportagem.<\/p>\n\n\n\n<p>O site do jornal chileno &#8220;La Tercera&#8221; tamb\u00e9m refor\u00e7ou a import\u00e2ncia da pandemia na sa\u00edda de Ara\u00fajo e disse que o chanceler foi acusado de\u00a0atrasar negocia\u00e7\u00e3o de compras de vacinas, oxig\u00eanio e leitos de UTI.<\/p>\n\n\n\n<p>&#8220;O ex-chefe da diplomacia brasileira \u00e9 acusado de ser o principal respons\u00e1vel pelas negocia\u00e7\u00f5es fracassadas com a China para obter vacinas contra a Covid-19 de laborat\u00f3rios asi\u00e1ticos&#8221;, diz o texto.<\/p>\n\n\n\n<p><\/p>\n","protected":false},"excerpt":{"rendered":"<p>O pedido de demiss\u00e3o do ministro das Rela\u00e7\u00f5es Exteriores, Ernesto Ara\u00fajo, nesta segunda-feira (29) est\u00e1 sendo noticiado com destaque em<\/p>\n","protected":false},"author":1,"featured_media":129,"comment_status":"open","ping_status":"open","sticky":false,"template":"","format":"standard","meta":{"colormag_page_container_layout":"default_layout","colormag_page_sidebar_layout":"default_layout","footnotes":""},"categories":[16],"tags":[],"class_list":["post-128","post","type-post","status-publish","format-standard","has-post-thumbnail","hentry","category-politica"],"aioseo_notices":[],"_links":{"self":[{"href":"https:\/\/portalr3.online\/index.php\/wp-json\/wp\/v2\/posts\/128","targetHints":{"allow":["GET"]}}],"collection":[{"href":"https:\/\/portalr3.online\/index.php\/wp-json\/wp\/v2\/posts"}],"about":[{"href":"https:\/\/portalr3.online\/index.php\/wp-json\/wp\/v2\/types\/post"}],"author":[{"embeddable":true,"href":"https:\/\/portalr3.online\/index.php\/wp-json\/wp\/v2\/users\/1"}],"replies":[{"embeddable":true,"href":"https:\/\/portalr3.online\/index.php\/wp-json\/wp\/v2\/comments?post=128"}],"version-history":[{"count":0,"href":"https:\/\/portalr3.online\/index.php\/wp-json\/wp\/v2\/posts\/128\/revisions"}],"wp:featuredmedia":[{"embeddable":true,"href":"https:\/\/portalr3.online\/index.php\/wp-json\/wp\/v2\/media\/129"}],"wp:attachment":[{"href":"https:\/\/portalr3.online\/index.php\/wp-json\/wp\/v2\/media?parent=128"}],"wp:term":[{"taxonomy":"category","embeddable":true,"href":"https:\/\/portalr3.online\/index.php\/wp-json\/wp\/v2\/categories?post=128"},{"taxonomy":"post_tag","embeddable":true,"href":"https:\/\/portalr3.online\/index.php\/wp-json\/wp\/v2\/tags?post=128"}],"curies":[{"name":"wp","href":"https:\/\/api.w.org\/{rel}","templated":true}]}}