{"id":121,"date":"2021-03-29T20:34:59","date_gmt":"2021-03-29T23:34:59","guid":{"rendered":"https:\/\/noticiasnomundo.online\/?p=121"},"modified":"2021-03-29T20:34:59","modified_gmt":"2021-03-29T23:34:59","slug":"ei-assume-autoria-de-ataque-que-matou-dezenas-em-palma-mocambique","status":"publish","type":"post","link":"https:\/\/portalr3.online\/index.php\/2021\/03\/29\/ei-assume-autoria-de-ataque-que-matou-dezenas-em-palma-mocambique\/","title":{"rendered":"EI assume autoria de ataque que matou dezenas em Palma, Mo\u00e7ambique"},"content":{"rendered":"\n<p>O grupo extremista EI (Estado Isl\u00e2mico) assumiu nesta segunda (29) a autoria do ataque \u00e0 cidade de Palma, na prov\u00edncia mo\u00e7ambicana de\u00a0Cabo Delgado, segundo informa\u00e7\u00f5es da\u00a0Reuters. H\u00e1 confirma\u00e7\u00e3o de ao menos 55 mortos \u2013 entre eles civis e um soldado brit\u00e2nico.<\/p>\n\n\n\n<p>Centenas de militantes invadiram a cidade ainda na quarta-feira (24). O\u00a0avan\u00e7o da viol\u00eancia\u00a0culminou na tomada total da cidade na noite de s\u00e1bado (27), quando insurgentes cercaram quatro hot\u00e9is onde se hospedavam funcion\u00e1rios estrangeiros das empresas internacionais de g\u00e1s, incluindo a francesa Total, instaladas na cidade.<\/p>\n\n\n\n<p>Cerca de 200 pessoas foram detidas, centenas est\u00e3o desaparecidos e boa parte da cidade est\u00e1 destru\u00edda, relatou o jornal norte-americano\u00a0\u201cThe New York Times\u201d. A maioria das redes de comunica\u00e7\u00e3o est\u00e1 cortada.<\/p>\n\n\n\n<p>O ataque \u00e9 o mais recente cap\u00edtulo da\u00a0devasta\u00e7\u00e3o no norte de Mo\u00e7ambique, regi\u00e3o acuada por militantes extremistas desde 2017. Em 2020, houve uma escalada de viol\u00eancia quando grupos passaram a avan\u00e7ar sobre as\u00a0reservas de g\u00e1s natural. J\u00e1 s\u00e3o dois mil mortos e mais de 670 mil foram for\u00e7ados a se deslocar.<\/p>\n\n\n\n<p>Palma sedia o projeto multimilion\u00e1rio de extra\u00e7\u00e3o de g\u00e1s natural da Total na regi\u00e3o. A companhia\u00a0interrompeu a obra\u00a0multibilion\u00e1ria ap\u00f3s amea\u00e7as em janeiro deste ano.<\/p>\n\n\n\n<p>\u00c0 organiza\u00e7\u00e3o\u00a0Human Rights Watch, testemunhas relataram corpos abandonados nas ruas e pessoas fugindo ao som de tiros na quarta-feira. Depois dos cortes nas linhas telef\u00f4nicas, n\u00e3o houve mais acesso \u00e0s autoridades.<\/p>\n\n\n\n<h4 class=\"wp-block-heading\">V\u00e1cuo de seguran\u00e7a<\/h4>\n\n\n\n<p>A invas\u00e3o de Palma antecedeu a entrada das\u00a0tropas da Ucr\u00e2nia\u00a0na regi\u00e3o. At\u00e9 a semana passada, o combate aos jihadistas contava com a ajuda da empresa privada sul-africana DAG (Dyck Advisory Group), que abastece de mercen\u00e1rios a regi\u00e3o.<\/p>\n\n\n\n<p>Com o contrato previsto para encerrar no pr\u00f3ximo dia 6, Cabo Delgado passaria a contar com a defesa de soldados mo\u00e7ambicanos treinados na\u00a0\u00c1frica do Sul\u00a0e de tropas de ucranianos em helic\u00f3pteros russos, de acordo com a emissora\u00a0VOA\u00a0(Voice of Africa).<\/p>\n\n\n\n<p>Em dezembro, Washington\u00a0prometeu auxiliar\u00a0Mo\u00e7ambique no combate ao EI. O primeiro passo foi a inclus\u00e3o dos extremistas \u00e0 lista de terroristas internacionais, no dia 11.<\/p>\n\n\n\n<p>Com poucos recursos, o Ex\u00e9rcito mo\u00e7ambicano\u00a0foi facilmente derrotado\u00a0pelos insurgentes ainda no ano passado, quando o EI atacou a cidade de\u00a0Moc\u00edmboa da Praia.<\/p>\n\n\n\n<p>O Estado Isl\u00e2mico se uniu ao grupo terrorista antes dominante em Cabo Delgado,\u00a0Ahlu Sunnah Wa-Jama, em 2019. A uni\u00e3o logo tornou os militantes conhecidos pelas a\u00e7\u00f5es violentas, como\u00a0decapita\u00e7\u00f5es em massa\u00a0e\u00a0destrui\u00e7\u00e3o de vilarejos\u00a0em tentativas de recrutamento de novos integrantes.<\/p>\n","protected":false},"excerpt":{"rendered":"<p>O grupo extremista EI (Estado Isl\u00e2mico) assumiu nesta segunda (29) a autoria do ataque \u00e0 cidade de Palma, na prov\u00edncia<\/p>\n","protected":false},"author":1,"featured_media":122,"comment_status":"open","ping_status":"open","sticky":false,"template":"","format":"standard","meta":{"colormag_page_container_layout":"default_layout","colormag_page_sidebar_layout":"default_layout","footnotes":""},"categories":[15],"tags":[],"class_list":["post-121","post","type-post","status-publish","format-standard","has-post-thumbnail","hentry","category-africa"],"aioseo_notices":[],"_links":{"self":[{"href":"https:\/\/portalr3.online\/index.php\/wp-json\/wp\/v2\/posts\/121","targetHints":{"allow":["GET"]}}],"collection":[{"href":"https:\/\/portalr3.online\/index.php\/wp-json\/wp\/v2\/posts"}],"about":[{"href":"https:\/\/portalr3.online\/index.php\/wp-json\/wp\/v2\/types\/post"}],"author":[{"embeddable":true,"href":"https:\/\/portalr3.online\/index.php\/wp-json\/wp\/v2\/users\/1"}],"replies":[{"embeddable":true,"href":"https:\/\/portalr3.online\/index.php\/wp-json\/wp\/v2\/comments?post=121"}],"version-history":[{"count":0,"href":"https:\/\/portalr3.online\/index.php\/wp-json\/wp\/v2\/posts\/121\/revisions"}],"wp:featuredmedia":[{"embeddable":true,"href":"https:\/\/portalr3.online\/index.php\/wp-json\/wp\/v2\/media\/122"}],"wp:attachment":[{"href":"https:\/\/portalr3.online\/index.php\/wp-json\/wp\/v2\/media?parent=121"}],"wp:term":[{"taxonomy":"category","embeddable":true,"href":"https:\/\/portalr3.online\/index.php\/wp-json\/wp\/v2\/categories?post=121"},{"taxonomy":"post_tag","embeddable":true,"href":"https:\/\/portalr3.online\/index.php\/wp-json\/wp\/v2\/tags?post=121"}],"curies":[{"name":"wp","href":"https:\/\/api.w.org\/{rel}","templated":true}]}}