{"id":112,"date":"2021-03-28T17:36:43","date_gmt":"2021-03-28T20:36:43","guid":{"rendered":"https:\/\/noticiasnomundo.online\/?p=112"},"modified":"2021-03-28T17:36:43","modified_gmt":"2021-03-28T20:36:43","slug":"ue-estuda-imposicao-de-novo-controle-de-exportacao-de-vacinas","status":"publish","type":"post","link":"https:\/\/portalr3.online\/index.php\/2021\/03\/28\/ue-estuda-imposicao-de-novo-controle-de-exportacao-de-vacinas\/","title":{"rendered":"UE estuda imposi\u00e7\u00e3o de novo controle de exporta\u00e7\u00e3o de vacinas"},"content":{"rendered":"\n<p>Em c\u00fapula virtual, bloco apontou que deve \u2018agir com cautela\u2019 para n\u00e3o amea\u00e7ar as cadeias globais dos imunizantes<\/p>\n\n\n\n<p>L\u00edderes da UE (Uni\u00e3o Europeia) j\u00e1 discutem um novo controle de exporta\u00e7\u00e3o de vacinas contra a Covid-19. Em c\u00fapula virtual, nesta quinta (25), o bloco real\u00e7ou que deve \u201cagir com cautela\u201d para evitar amea\u00e7as \u00e0s cadeias de fornecimento, apontou o di\u00e1rio norte-americano \u201cThe Wall Street Journal\u201d.<\/p>\n\n\n\n<p>Um dos crit\u00e9rios propostos pela Comiss\u00e3o Europeia \u00e9 o de transa\u00e7\u00e3o rec\u00edproca \u2013 ingredientes ou vacinas sairiam do continente em troca de outros insumos do destinat\u00e1rio. Se implantada, a medida deve restringir a sa\u00edda das doses, j\u00e1 que poucas na\u00e7\u00f5es t\u00eam contrapartida.<\/p>\n\n\n\n<p>Outro crit\u00e9rio seria a a situa\u00e7\u00e3o epidemiol\u00f3gica em geral ou qu\u00e3o avan\u00e7ado o pa\u00eds est\u00e1 na vacina\u00e7\u00e3o da pr\u00f3pria popula\u00e7\u00e3o. As restri\u00e7\u00f5es poderiam ser implantadas tamb\u00e9m em empresas, como a Pfizer e a BioNTech.<\/p>\n\n\n\n<p>A disputa \u00e9 o mais recente cap\u00edtulo na corrida por vacinas do bloco europeu. A presidente da Comiss\u00e3o Europeia, Ursula von der Leyen, apontou que foram enviadas 77 milh\u00f5es de doses do imunizante ao exterior. Enquanto isso, 88 milh\u00f5es foram distribu\u00eddos pelos 27 pa\u00edses da UE.<\/p>\n\n\n\n<p>Com o lan\u00e7amento das vacinas na UE, milh\u00f5es de europeus esperavam que as doses ficassem no continente. Em janeiro, por\u00e9m, a UE passou a exigir que as empresas solicitassem permiss\u00e3o para exportar as vacinas. Ao todo, 380 remessas foram enviadas a outros pa\u00edses.<\/p>\n\n\n\n<p>\u201cPor um lado queremos preservar as cadeias de abastecimento globais e combater o protecionismo, mas, por outro lado, queremos cuidar de nossa pr\u00f3pria popula\u00e7\u00e3o, porque essa \u00e9 a \u00fanica sa\u00edda para a crise\u201d, disse a chanceler alem\u00e3 Angela Merkel.<\/p>\n\n\n\n<p>Alguns governos da UE, como a B\u00e9lgica, Holanda e Alemanha, t\u00eam pressionado para o bloco n\u00e3o avance nessa proposta. As medidas poderiam amea\u00e7ar o futuro da Europa como uma importante base farmac\u00eautica, argumentam.<\/p>\n\n\n\n<h4 class=\"wp-block-heading\">Diverg\u00eancia<\/h4>\n\n\n\n<p>Conforme o portal especializado Politico, a revis\u00e3o serve para defender a UE das cr\u00edticas sobre a conten\u00e7\u00e3o de vacinas enquanto pa\u00edses empobrecidos seguem com pouca ou nenhuma inocula\u00e7\u00e3o.<\/p>\n\n\n\n<p>Outro objetivo \u00e9 cobrar o Reino Unido, que avan\u00e7ou na imuniza\u00e7\u00e3o local sem exportar um \u201cmontante relevante\u201d de vacinas. De acordo com Leyen, 21 milh\u00f5es das doses entregues \u00e0 Gr\u00e3-Bretanha vieram da UE.<\/p>\n\n\n\n<p>Mas tamb\u00e9m h\u00e1 diverg\u00eancias dentro da pr\u00f3pria UE. Ap\u00f3s horas de negocia\u00e7\u00e3o no encontro virtual da quinta-feira, os embaixadores receberam como incumb\u00eancia fechar as negocia\u00e7\u00f5es sobre o envio de uma carga de dez milh\u00f5es de doses.<\/p>\n\n\n\n<p>O embate come\u00e7ou com o chanceler austr\u00edaco Sebastian Kurz, que insistiu na \u201cextrema necessidade\u201d de a \u00c1ustria receber a remessa. Dados da Comiss\u00e3o Europeia, por\u00e9m, apontam que o pa\u00eds est\u00e1 entre os pa\u00edses que mais vacinaram no continente.<\/p>\n\n\n\n<p>Al\u00e9m disso, Viena j\u00e1 havia concordado com a f\u00f3rmula que concede uma chance igual de recebimento das vacinas a cada Estado-membro da UE \u2013 o que daria prioridade a outras na\u00e7\u00f5es. Com o impasse, os diplomatas de cada pa\u00eds ter\u00e3o de resolver como se dar\u00e1 a distribui\u00e7\u00e3o.<\/p>\n","protected":false},"excerpt":{"rendered":"<p>Em c\u00fapula virtual, bloco apontou que deve \u2018agir com cautela\u2019 para n\u00e3o amea\u00e7ar as cadeias globais dos imunizantes L\u00edderes da<\/p>\n","protected":false},"author":1,"featured_media":113,"comment_status":"open","ping_status":"open","sticky":false,"template":"","format":"standard","meta":{"colormag_page_container_layout":"default_layout","colormag_page_sidebar_layout":"default_layout","footnotes":""},"categories":[7],"tags":[],"class_list":["post-112","post","type-post","status-publish","format-standard","has-post-thumbnail","hentry","category-uniao-europeia"],"aioseo_notices":[],"_links":{"self":[{"href":"https:\/\/portalr3.online\/index.php\/wp-json\/wp\/v2\/posts\/112","targetHints":{"allow":["GET"]}}],"collection":[{"href":"https:\/\/portalr3.online\/index.php\/wp-json\/wp\/v2\/posts"}],"about":[{"href":"https:\/\/portalr3.online\/index.php\/wp-json\/wp\/v2\/types\/post"}],"author":[{"embeddable":true,"href":"https:\/\/portalr3.online\/index.php\/wp-json\/wp\/v2\/users\/1"}],"replies":[{"embeddable":true,"href":"https:\/\/portalr3.online\/index.php\/wp-json\/wp\/v2\/comments?post=112"}],"version-history":[{"count":0,"href":"https:\/\/portalr3.online\/index.php\/wp-json\/wp\/v2\/posts\/112\/revisions"}],"wp:featuredmedia":[{"embeddable":true,"href":"https:\/\/portalr3.online\/index.php\/wp-json\/wp\/v2\/media\/113"}],"wp:attachment":[{"href":"https:\/\/portalr3.online\/index.php\/wp-json\/wp\/v2\/media?parent=112"}],"wp:term":[{"taxonomy":"category","embeddable":true,"href":"https:\/\/portalr3.online\/index.php\/wp-json\/wp\/v2\/categories?post=112"},{"taxonomy":"post_tag","embeddable":true,"href":"https:\/\/portalr3.online\/index.php\/wp-json\/wp\/v2\/tags?post=112"}],"curies":[{"name":"wp","href":"https:\/\/api.w.org\/{rel}","templated":true}]}}