{"id":10543,"date":"2024-08-20T00:28:48","date_gmt":"2024-08-20T00:28:48","guid":{"rendered":"https:\/\/portalr3.online\/?p=10543"},"modified":"2024-08-20T00:29:43","modified_gmt":"2024-08-20T00:29:43","slug":"carlos-villagran-o-quico-comenta-morte-de-silvio-santos","status":"publish","type":"post","link":"https:\/\/portalr3.online\/index.php\/2024\/08\/20\/carlos-villagran-o-quico-comenta-morte-de-silvio-santos\/","title":{"rendered":"Carlos Villagr\u00e1n, o Quico, comenta morte de Silvio Santos"},"content":{"rendered":"\n<p>Carlos Villagr\u00e1n, que viveu Quico no seriado \u2018Chaves\u2019, fez sua homenagem a Silvio Santos neste domingo (18).<\/p>\n\n\n\n<p>O ator mexicano usou as redes sociais para lamentar a morte do apresentador, que foi o respons\u00e1vel por trazer \u2018Chaves\u2019 e \u2018Chapolin\u2019 ao Brasil.<\/p>\n\n\n\n<p>\u201cQueridos amigos do Brasil, \u00e9 com profunda dor que me uno a voc\u00eas pelo sentido falecimento de Silvio Santos, esse senhor que foi uma lenda. Me uno \u00e0 dor de todos voc\u00eas e pe\u00e7o que o Senhor o receba com o que nos faz falta na Terra: muito amor. Mando um beijo a todos e sinto muito pelo falecimento de Silvio Santos\u201d, falou Villagr\u00e1n.<\/p>\n\n\n\n<p>Florinda Meza, a Dona Florinda, que \u00e9 vi\u00fava de Roberto Gomes Bola\u00f1os (1929-2014), criador do seriado, tamb\u00e9m lamentou a morte de Silvio Santos.<\/p>\n\n\n\n<p>A atriz agradeceu ao dono do SBT por apostar no sucesso da s\u00e9rie no Brasil e pediu para que ele, em outro plano, d\u00ea um abra\u00e7o em \u2018seu Rober\u2019.<\/p>\n\n\n\n<p>\u201cSilvio Santos, agrade\u00e7o por abrir a porta da alegria aos meus amados brasileiros com os programas Chespirito. Esse legado e tudo que voc\u00ea fez ficar\u00e1 para sempre no cora\u00e7\u00e3o do Brasil e no meu. Adeus, amigo e por favor d\u00ea um abra\u00e7o no meu Rober\u201d, afirmou.<\/p>\n","protected":false},"excerpt":{"rendered":"<p>Carlos Villagr\u00e1n, que viveu Quico no seriado \u2018Chaves\u2019, fez sua homenagem a Silvio Santos neste domingo (18). O ator mexicano<\/p>\n","protected":false},"author":2,"featured_media":10544,"comment_status":"closed","ping_status":"closed","sticky":true,"template":"","format":"standard","meta":{"colormag_page_container_layout":"default_layout","colormag_page_sidebar_layout":"default_layout","footnotes":""},"categories":[1135],"tags":[],"class_list":["post-10543","post","type-post","status-publish","format-standard","has-post-thumbnail","hentry","category-celebridades"],"aioseo_notices":[],"_links":{"self":[{"href":"https:\/\/portalr3.online\/index.php\/wp-json\/wp\/v2\/posts\/10543","targetHints":{"allow":["GET"]}}],"collection":[{"href":"https:\/\/portalr3.online\/index.php\/wp-json\/wp\/v2\/posts"}],"about":[{"href":"https:\/\/portalr3.online\/index.php\/wp-json\/wp\/v2\/types\/post"}],"author":[{"embeddable":true,"href":"https:\/\/portalr3.online\/index.php\/wp-json\/wp\/v2\/users\/2"}],"replies":[{"embeddable":true,"href":"https:\/\/portalr3.online\/index.php\/wp-json\/wp\/v2\/comments?post=10543"}],"version-history":[{"count":1,"href":"https:\/\/portalr3.online\/index.php\/wp-json\/wp\/v2\/posts\/10543\/revisions"}],"predecessor-version":[{"id":10545,"href":"https:\/\/portalr3.online\/index.php\/wp-json\/wp\/v2\/posts\/10543\/revisions\/10545"}],"wp:featuredmedia":[{"embeddable":true,"href":"https:\/\/portalr3.online\/index.php\/wp-json\/wp\/v2\/media\/10544"}],"wp:attachment":[{"href":"https:\/\/portalr3.online\/index.php\/wp-json\/wp\/v2\/media?parent=10543"}],"wp:term":[{"taxonomy":"category","embeddable":true,"href":"https:\/\/portalr3.online\/index.php\/wp-json\/wp\/v2\/categories?post=10543"},{"taxonomy":"post_tag","embeddable":true,"href":"https:\/\/portalr3.online\/index.php\/wp-json\/wp\/v2\/tags?post=10543"}],"curies":[{"name":"wp","href":"https:\/\/api.w.org\/{rel}","templated":true}]}}