{"id":10496,"date":"2024-06-27T21:39:30","date_gmt":"2024-06-27T21:39:30","guid":{"rendered":"https:\/\/portalr3.online\/index.php\/2024\/06\/27\/eliana-troca-de-canal-nova-apresentadora-da-globo-apos-15-anos-no-sbt\/"},"modified":"2024-06-27T21:40:20","modified_gmt":"2024-06-27T21:40:20","slug":"eliana-troca-de-canal-nova-apresentadora-da-globo-apos-15-anos-no-sbt","status":"publish","type":"post","link":"https:\/\/portalr3.online\/index.php\/2024\/06\/27\/eliana-troca-de-canal-nova-apresentadora-da-globo-apos-15-anos-no-sbt\/","title":{"rendered":"Eliana Troca de Canal: Nova Apresentadora da Globo Ap\u00f3s 15 Anos no SBT"},"content":{"rendered":"<h2 class=\"wp-block-heading\">Uma Nova Era para Eliana<\/h2>\n\n<p>Eliana, a ic\u00f4nica apresentadora que encantou o p\u00fablico brasileiro por 15 anos no SBT, est\u00e1 de mudan\u00e7a! Sim, voc\u00ea leu certo. Ela foi anunciada como a nova apresentadora da Globo, e a expectativa est\u00e1 nas alturas.<\/p>\n\n<h2 class=\"wp-block-heading\">O Que Podemos Esperar?<\/h2>\n\n<p>Com Eliana no comando de novos programas na Globo, podemos esperar um toque de frescor, carisma e, claro, aquela pitada de humor que s\u00f3 ela sabe proporcionar. Afinal, quem n\u00e3o se lembra dos momentos hil\u00e1rios que ela nos proporcionou ao longo de sua carreira?<\/p>\n\n<h2 class=\"wp-block-heading\">Rea\u00e7\u00f5es dos F\u00e3s<\/h2>\n\n<p>Os f\u00e3s de Eliana est\u00e3o divididos. Enquanto alguns est\u00e3o empolgados com a mudan\u00e7a e acreditam que ela trar\u00e1 uma nova energia para a Globo, outros est\u00e3o nost\u00e1lgicos, lembrando dos bons tempos que passaram assistindo-a no SBT. Mas uma coisa \u00e9 certa: todos est\u00e3o curiosos para ver o que ela trar\u00e1 de novo para a telinha.<\/p>\n\n<h2 class=\"wp-block-heading\">O Futuro da Televis\u00e3o Brasileira<\/h2>\n\n<p>Essa mudan\u00e7a marca um novo cap\u00edtulo na televis\u00e3o brasileira. Com Eliana na Globo, novas oportunidades surgem, e quem ganha com isso somos n\u00f3s, os telespectadores. Prepare-se para programas inovadores, entrevistas descontra\u00eddas e, claro, muitos momentos inesquec\u00edveis.<\/p>\n\n<p>Ent\u00e3o, marque na agenda e prepare a pipoca, porque Eliana est\u00e1 de volta, e dessa vez, \u00e9 na Globo!<\/p>","protected":false},"excerpt":{"rendered":"<p>Uma Nova Era para Eliana Eliana, a ic\u00f4nica apresentadora que encantou o p\u00fablico brasileiro por 15 anos no SBT, est\u00e1<\/p>\n","protected":false},"author":2,"featured_media":10497,"comment_status":"closed","ping_status":"closed","sticky":true,"template":"","format":"standard","meta":{"colormag_page_container_layout":"default_layout","colormag_page_sidebar_layout":"default_layout","footnotes":""},"categories":[1204],"tags":[1205,460,1206],"class_list":["post-10496","post","type-post","status-publish","format-standard","has-post-thumbnail","hentry","category-entretenimento","tag-eliana","tag-globo","tag-televisao-brasileira"],"aioseo_notices":[],"_links":{"self":[{"href":"https:\/\/portalr3.online\/index.php\/wp-json\/wp\/v2\/posts\/10496","targetHints":{"allow":["GET"]}}],"collection":[{"href":"https:\/\/portalr3.online\/index.php\/wp-json\/wp\/v2\/posts"}],"about":[{"href":"https:\/\/portalr3.online\/index.php\/wp-json\/wp\/v2\/types\/post"}],"author":[{"embeddable":true,"href":"https:\/\/portalr3.online\/index.php\/wp-json\/wp\/v2\/users\/2"}],"replies":[{"embeddable":true,"href":"https:\/\/portalr3.online\/index.php\/wp-json\/wp\/v2\/comments?post=10496"}],"version-history":[{"count":1,"href":"https:\/\/portalr3.online\/index.php\/wp-json\/wp\/v2\/posts\/10496\/revisions"}],"predecessor-version":[{"id":10498,"href":"https:\/\/portalr3.online\/index.php\/wp-json\/wp\/v2\/posts\/10496\/revisions\/10498"}],"wp:featuredmedia":[{"embeddable":true,"href":"https:\/\/portalr3.online\/index.php\/wp-json\/wp\/v2\/media\/10497"}],"wp:attachment":[{"href":"https:\/\/portalr3.online\/index.php\/wp-json\/wp\/v2\/media?parent=10496"}],"wp:term":[{"taxonomy":"category","embeddable":true,"href":"https:\/\/portalr3.online\/index.php\/wp-json\/wp\/v2\/categories?post=10496"},{"taxonomy":"post_tag","embeddable":true,"href":"https:\/\/portalr3.online\/index.php\/wp-json\/wp\/v2\/tags?post=10496"}],"curies":[{"name":"wp","href":"https:\/\/api.w.org\/{rel}","templated":true}]}}