{"id":10485,"date":"2024-06-14T17:25:52","date_gmt":"2024-06-14T17:25:52","guid":{"rendered":"https:\/\/portalr3.online\/?p=10485"},"modified":"2024-06-14T17:26:37","modified_gmt":"2024-06-14T17:26:37","slug":"nflacao-da-festa-junina","status":"publish","type":"post","link":"https:\/\/portalr3.online\/index.php\/2024\/06\/14\/nflacao-da-festa-junina\/","title":{"rendered":"Infla\u00e7\u00e3o da Festa Junina"},"content":{"rendered":"\n<p><a href=\"https:\/\/aquinoticias.online\/index.php\/2024\/06\/14\/inflacao-da-festa-junina\/\"><time datetime=\"\"><\/time><\/a><a href=\"https:\/\/aquinoticias.online\/index.php\/author\/aquinoticias\/\"><\/a><\/p>\n\n\n\n<p><a href=\"https:\/\/financastoday.com\/2024\/06\/14\/inflacao-da-festa-junina-e-a-menor-em-4-anos-mas-alimentos-pressionam\/\"><time datetime=\"\"><\/time><\/a><a href=\"https:\/\/financastoday.com\/author\/edna-silva\/\"><\/a><\/p>\n\n\n\n<p>A Festa Junina \u00e9 uma celebra\u00e7\u00e3o profundamente enraizada na cultura brasileira, destacando-se por suas comidas t\u00edpicas, dan\u00e7as folcl\u00f3ricas e fogueiras. Todos os anos, durante os meses de junho e julho, as festividades se espalham por todo o Brasil, trazendo alegria e tradi\u00e7\u00f5es que encantam gera\u00e7\u00f5es. Este ano, a infla\u00e7\u00e3o associada a esses eventos festivos atingiu seu n\u00edvel mais baixo em quatro anos, proporcionando um al\u00edvio tempor\u00e1rio para os bolsos dos consumidores. No entanto, apesar dessa queda geral na infla\u00e7\u00e3o, os pre\u00e7os dos alimentos continuam a exercer uma press\u00e3o significativa.<\/p>\n\n\n\n<p>Os alimentos desempenham um papel central nas celebra\u00e7\u00f5es da Festa Junina. Quem nunca se deliciou com uma pamonha, canjica ou quent\u00e3o durante essas festas? No entanto, a eleva\u00e7\u00e3o dos pre\u00e7os de itens alimentares b\u00e1sicos tem se mostrado um desafio constante. A combina\u00e7\u00e3o de fatores como a oferta limitada de certos produtos agr\u00edcolas e o impacto das condi\u00e7\u00f5es clim\u00e1ticas adversas contribui para a manuten\u00e7\u00e3o de pre\u00e7os altos.<\/p>\n\n\n\n<p>Neste artigo, analisaremos de maneira detalhada os motivos por tr\u00e1s da redu\u00e7\u00e3o da infla\u00e7\u00e3o da Festa Junina, observando tanto os aspectos econ\u00f4micos quanto os sociais que influenciam essa mudan\u00e7a. Al\u00e9m disso, examinaremos como os pre\u00e7os dos alimentos continuam a ser uma preocupa\u00e7\u00e3o para os consumidores que desejam aproveitar as festividades sem comprometer o or\u00e7amento familiar. A dualidade entre a baixa infla\u00e7\u00e3o geral e a persist\u00eancia da press\u00e3o alimentar oferece uma perspectiva interessante sobre as complexidades do mercado e as din\u00e2micas econ\u00f4micas envolvidas.<\/p>\n\n\n\n<h2 class=\"wp-block-heading\">An\u00e1lise da Infla\u00e7\u00e3o nos \u00daltimos Quatro Anos<\/h2>\n\n\n\n<p>Nos \u00faltimos quatro anos, a infla\u00e7\u00e3o da Festa Junina apresentou uma trajet\u00f3ria de decl\u00ednio, refletindo diversas mudan\u00e7as nos cen\u00e1rios econ\u00f4mico e social do Brasil. Em 2020, a pandemia de COVID-19 gerou um impacto significativo, tanto nas cadeias de produ\u00e7\u00e3o quanto no consumo, resultando em uma infla\u00e7\u00e3o elevada para itens t\u00edpicos da festa. O aumento dos custos de transporte e a escassez de m\u00e3o de obra foram fatores cruciais que pressionaram os pre\u00e7os.<\/p>\n\n\n\n<p>Em 2021, embora a pandemia ainda estivesse em curso, a infla\u00e7\u00e3o mostrou sinais de desacelera\u00e7\u00e3o. As pol\u00edticas econ\u00f4micas adotadas pelo governo, como a redu\u00e7\u00e3o de impostos sobre insumos agr\u00edcolas e o incentivo \u00e0 produ\u00e7\u00e3o local, contribu\u00edram para aliviar a press\u00e3o sobre os pre\u00e7os. No entanto, alguns alimentos, como milho e amendoim, continuaram a registrar altas significativas devido \u00e0 demanda reprimida e \u00e0s condi\u00e7\u00f5es clim\u00e1ticas adversas que afetaram a produ\u00e7\u00e3o.<\/p>\n\n\n\n<p>J\u00e1 em 2022, a situa\u00e7\u00e3o come\u00e7ou a se estabilizar. A retomada gradual das atividades econ\u00f4micas e a normaliza\u00e7\u00e3o das cadeias de suprimento resultaram em uma infla\u00e7\u00e3o mais controlada. O governo continuou a implementar medidas para estimular a produ\u00e7\u00e3o interna e reduzir a depend\u00eancia de importa\u00e7\u00f5es, o que ajudou a manter os pre\u00e7os est\u00e1veis. Apesar disso, alguns desafios persistiram, como a alta nos pre\u00e7os dos combust\u00edveis, que impactaram os custos de transporte e, consequentemente, os pre\u00e7os dos produtos aliment\u00edcios.<\/p>\n\n\n\n<p>Em 2023, a infla\u00e7\u00e3o da Festa Junina atingiu seu menor n\u00edvel em quatro anos. As condi\u00e7\u00f5es econ\u00f4micas mais favor\u00e1veis e a estabiliza\u00e7\u00e3o dos pre\u00e7os de alimentos b\u00e1sicos contribu\u00edram significativamente para essa redu\u00e7\u00e3o. Gr\u00e1ficos recentes mostram uma tend\u00eancia de queda cont\u00ednua nos pre\u00e7os de produtos t\u00edpicos, como canjica, milho verde e pa\u00e7oca, comparando-se aos anos anteriores. Essa an\u00e1lise destaca a import\u00e2ncia das pol\u00edticas econ\u00f4micas eficazes e da recupera\u00e7\u00e3o gradual da economia p\u00f3s-pandemia na modera\u00e7\u00e3o da infla\u00e7\u00e3o.<\/p>\n","protected":false},"excerpt":{"rendered":"<p>A Festa Junina \u00e9 uma celebra\u00e7\u00e3o profundamente enraizada na cultura brasileira, destacando-se por suas comidas t\u00edpicas, dan\u00e7as folcl\u00f3ricas e fogueiras.<\/p>\n","protected":false},"author":2,"featured_media":10486,"comment_status":"closed","ping_status":"closed","sticky":true,"template":"","format":"status","meta":{"colormag_page_container_layout":"default_layout","colormag_page_sidebar_layout":"default_layout","footnotes":""},"categories":[11],"tags":[1055],"class_list":["post-10485","post","type-post","status-publish","format-status","has-post-thumbnail","hentry","category-economia","tag-economia-2","post_format-post-format-status"],"aioseo_notices":[],"_links":{"self":[{"href":"https:\/\/portalr3.online\/index.php\/wp-json\/wp\/v2\/posts\/10485","targetHints":{"allow":["GET"]}}],"collection":[{"href":"https:\/\/portalr3.online\/index.php\/wp-json\/wp\/v2\/posts"}],"about":[{"href":"https:\/\/portalr3.online\/index.php\/wp-json\/wp\/v2\/types\/post"}],"author":[{"embeddable":true,"href":"https:\/\/portalr3.online\/index.php\/wp-json\/wp\/v2\/users\/2"}],"replies":[{"embeddable":true,"href":"https:\/\/portalr3.online\/index.php\/wp-json\/wp\/v2\/comments?post=10485"}],"version-history":[{"count":2,"href":"https:\/\/portalr3.online\/index.php\/wp-json\/wp\/v2\/posts\/10485\/revisions"}],"predecessor-version":[{"id":10488,"href":"https:\/\/portalr3.online\/index.php\/wp-json\/wp\/v2\/posts\/10485\/revisions\/10488"}],"wp:featuredmedia":[{"embeddable":true,"href":"https:\/\/portalr3.online\/index.php\/wp-json\/wp\/v2\/media\/10486"}],"wp:attachment":[{"href":"https:\/\/portalr3.online\/index.php\/wp-json\/wp\/v2\/media?parent=10485"}],"wp:term":[{"taxonomy":"category","embeddable":true,"href":"https:\/\/portalr3.online\/index.php\/wp-json\/wp\/v2\/categories?post=10485"},{"taxonomy":"post_tag","embeddable":true,"href":"https:\/\/portalr3.online\/index.php\/wp-json\/wp\/v2\/tags?post=10485"}],"curies":[{"name":"wp","href":"https:\/\/api.w.org\/{rel}","templated":true}]}}