{"id":10447,"date":"2024-05-19T15:11:29","date_gmt":"2024-05-19T15:11:29","guid":{"rendered":"https:\/\/portalr3.online\/?p=10447"},"modified":"2024-05-19T15:11:31","modified_gmt":"2024-05-19T15:11:31","slug":"vettel-se-emociona-ao-guiar-mclaren-de-senna","status":"publish","type":"post","link":"https:\/\/portalr3.online\/index.php\/2024\/05\/19\/vettel-se-emociona-ao-guiar-mclaren-de-senna\/","title":{"rendered":"Vettel se emociona ao guiar McLaren de Senna"},"content":{"rendered":"\n<p><a href=\"https:\/\/aquinoticias.online\/index.php\/2024\/05\/19\/vettel-se-emociona-ao-guiar-mclaren-de-senna-e-carregar-bandeira-do-brasil\/\"><time datetime=\"\"><\/time><\/a><a href=\"https:\/\/aquinoticias.online\/index.php\/author\/aquinoticias\/\"><\/a><\/p>\n\n\n\n<p>Em um encontro carregado de emo\u00e7\u00e3o e rever\u00eancia, Sebastian Vettel, tetracampe\u00e3o mundial de F\u00f3rmula 1, teve a rara oportunidade de pilotar a ic\u00f4nica McLaren MP4\/4. Este carro lend\u00e1rio, com o qual Ayrton Senna conquistou seu primeiro t\u00edtulo mundial em 1988, \u00e9 amplamente considerado um dos melhores carros de F\u00f3rmula 1 de todos os tempos. Para Vettel, este n\u00e3o foi apenas um momento de nostalgia, mas uma chance de homenagear um dos maiores \u00eddolos do esporte.<\/p>\n\n\n\n<p>Vettel sempre manifestou profunda admira\u00e7\u00e3o por Ayrton Senna, referindo-se frequentemente ao brasileiro como uma inspira\u00e7\u00e3o em sua carreira. A prepara\u00e7\u00e3o para este evento foi meticulosa. Vettel estudou cada detalhe do MP4\/4, desde a engenharia inovadora at\u00e9 os tra\u00e7os caracter\u00edsticos que o tornaram uma lenda. Ao se sentar no cockpit, o alem\u00e3o sentiu o peso da hist\u00f3ria, consciente de que estava prestes a vivenciar algo extraordin\u00e1rio.<\/p>\n\n\n\n<p>A McLaren MP4\/4, projetada por Gordon Murray e Steve Nichols, era um avan\u00e7o tecnol\u00f3gico para sua \u00e9poca. Dominou a temporada de 1988, vencendo 15 das 16 corridas, com Senna e seu companheiro de equipe, Alain Prost, duelando pelo t\u00edtulo. Para Vettel, guiar este carro foi uma forma de se conectar diretamente com a era dourada da F\u00f3rmula 1, onde a habilidade do piloto e a inova\u00e7\u00e3o tecnol\u00f3gica se uniam de maneira \u00fanica.<\/p>\n\n\n\n<p>Durante o teste, Vettel n\u00e3o apenas demonstrou sua habilidade ao volante, mas tamb\u00e9m carregou a bandeira do Brasil, em um gesto simb\u00f3lico que consolidou sua homenagem a Senna. Este momento foi mais do que uma simples exibi\u00e7\u00e3o; foi uma celebra\u00e7\u00e3o do legado de Senna e uma lembran\u00e7a do impacto duradouro que ele teve no esporte. Para os f\u00e3s de F\u00f3rmula 1, ver Vettel ao volante da MP4\/4 foi um tributo tocante a um her\u00f3i eterno, relembrando a grandeza de Senna e a continuidade de sua influ\u00eancia nas gera\u00e7\u00f5es futuras.<\/p>\n\n\n\n<p>O tetracampe\u00e3o mundial Sebastian Vettel recentemente teve a oportunidade \u00fanica de pilotar a ic\u00f4nica McLaren MP4\/4, carro que levou Ayrton Senna ao seu primeiro t\u00edtulo mundial em 1988. Ao sentar-se no cockpit deste lend\u00e1rio ve\u00edculo, Vettel n\u00e3o apenas experimentou um salto no tempo, mas tamb\u00e9m vivenciou de perto as diferen\u00e7as tecnol\u00f3gicas e de performance que separam os carros da F\u00f3rmula 1 de ent\u00e3o e os modernos.<\/p>\n\n\n\n<p>Vettel destacou a aus\u00eancia de muitas das assist\u00eancias eletr\u00f4nicas encontradas nos carros atuais, como o controle de tra\u00e7\u00e3o e a comunica\u00e7\u00e3o constante com os engenheiros via r\u00e1dio. \u201cPilotar a McLaren MP4\/4 foi um desafio t\u00e9cnico significativo,\u201d afirmou Vettel. \u201cA sensa\u00e7\u00e3o de controle direto sobre cada aspecto do carro \u00e9 algo que os pilotos de hoje raramente experimentam. Foi necess\u00e1rio um esfor\u00e7o f\u00edsico e mental maior para manter a m\u00e1quina est\u00e1vel e r\u00e1pida na pista.\u201d<\/p>\n\n\n\n<p>Al\u00e9m dos desafios t\u00e9cnicos, Vettel comentou sobre a emo\u00e7\u00e3o de estar ao volante de um carro que \u00e9 um verdadeiro \u00edcone do automobilismo. \u201cSentar-me no mesmo lugar onde Senna fez hist\u00f3ria foi uma experi\u00eancia indescrit\u00edvel. Pude sentir a aura e a energia que este carro carrega. Saber que este ve\u00edculo esteve nas m\u00e3os de um dos maiores pilotos de todos os tempos me fez sentir uma conex\u00e3o profunda com a hist\u00f3ria da F\u00f3rmula 1.\u201d<\/p>\n\n\n\n<p>Essa experi\u00eancia tamb\u00e9m teve um impacto significativo na carreira e na vida pessoal de Vettel. \u201cPilotar a McLaren MP4\/4 me lembrou por que eu amo tanto este esporte,\u201d confessou ele. \u201cFoi um momento que me fez refletir sobre a heran\u00e7a e o legado deixados por pilotos como Senna. Isso n\u00e3o apenas fortaleceu minha admira\u00e7\u00e3o por ele, mas tamb\u00e9m me inspirou a continuar buscando a excel\u00eancia em cada corrida.\u201d<\/p>\n\n\n\n<p>Guiar a McLaren MP4\/4 foi, portanto, mais do que uma simples volta na pista; foi uma jornada emocional e uma oportunidade de reconectar-se com as ra\u00edzes do esporte que tanto ama. Para Vettel, este evento ser\u00e1 lembrado como um dos momentos mais marcantes e inspiradores de sua carreira.\u201c`html<\/p>\n\n\n\n<h2 class=\"wp-block-heading\">A Homenagem \u00e0 Bandeira do Brasil<\/h2>\n\n\n\n<p>Durante a condu\u00e7\u00e3o hist\u00f3rica da McLaren de Ayrton Senna, Sebastian Vettel fez um gesto que tocou profundamente os cora\u00e7\u00f5es dos f\u00e3s de F\u00f3rmula 1 ao redor do mundo: ele carregou a bandeira do Brasil. Este ato n\u00e3o foi apenas uma demonstra\u00e7\u00e3o de respeito a um dos maiores pilotos de todos os tempos, mas tamb\u00e9m uma homenagem \u00e0 paix\u00e3o inigual\u00e1vel dos brasileiros pela F\u00f3rmula 1. A bandeira brasileira, vibrante em verde, amarelo, azul e branco, simboliza a uni\u00e3o e o orgulho nacional. Ao carreg\u00e1-la, Vettel n\u00e3o s\u00f3 honrou a mem\u00f3ria de Senna, mas tamb\u00e9m celebrou a conex\u00e3o especial que o Brasil tem com o automobilismo.<\/p>\n\n\n\n<p>A recep\u00e7\u00e3o do p\u00fablico e da comunidade automobil\u00edstica foi extremamente positiva. F\u00e3s brasileiros, em particular, expressaram sua gratid\u00e3o e emo\u00e7\u00e3o pelas redes sociais, destacando a sensibilidade de Vettel em reconhecer a import\u00e2ncia do legado de Senna. Este gesto simples, mas poderoso, ressaltou como o automobilismo transcende fronteiras e gera\u00e7\u00f5es, unindo pessoas de diferentes culturas em uma paix\u00e3o comum.<\/p>\n\n\n\n<p>O legado de Ayrton Senna no Brasil \u00e9 profundo e duradouro. Considerado um her\u00f3i nacional, Senna n\u00e3o s\u00f3 conquistou tr\u00eas campeonatos mundiais de F\u00f3rmula 1, mas tamb\u00e9m se tornou um s\u00edmbolo de perseveran\u00e7a, habilidade e patriotismo. Sua influ\u00eancia vai al\u00e9m das pistas de corrida, inspirando novos pilotos e f\u00e3s ao redor do mundo. Eventos como este, onde \u00edcones contempor\u00e2neos como Vettel prestam homenagem \u00e0 Senna, ajudam a manter viva a mem\u00f3ria do piloto e a inspirar futuras gera\u00e7\u00f5es a perseguir seus sonhos com a mesma dedica\u00e7\u00e3o e paix\u00e3o.<\/p>\n\n\n\n<p>Assim, o gesto de Vettel ao carregar a bandeira do Brasil \u00e9 mais do que uma homenagem a um grande piloto; \u00e9 um tributo \u00e0 ess\u00eancia do esporte e \u00e0 sua capacidade de conectar e inspirar pessoas globalmente. A mem\u00f3ria de Ayrton Senna continua a brilhar intensamente, alimentada por atos de respeito e reconhecimento como este.<\/p>\n\n\n\n<h2 class=\"wp-block-heading\">Repercuss\u00f5es e Rea\u00e7\u00f5es<\/h2>\n\n\n\n<p>A homenagem de Sebastian Vettel ao guiar a McLaren de Ayrton Senna e carregar a bandeira do Brasil gerou uma onda de emo\u00e7\u00f5es e rea\u00e7\u00f5es tanto nas redes sociais quanto na m\u00eddia especializada. No paddock, a homenagem foi recebida com grande respeito e entusiasmo. V\u00e1rios pilotos e personalidades da F\u00f3rmula 1 expressaram suas opini\u00f5es sobre o gesto de Vettel, destacando a import\u00e2ncia de manter viva a mem\u00f3ria de Senna, um dos maiores \u00edcones do esporte.<\/p>\n\n\n\n<p>Nas redes sociais, os f\u00e3s de F\u00f3rmula 1 se mostraram profundamente tocados pelo tributo de Vettel. Coment\u00e1rios emocionados inundaram plataformas como Twitter, Instagram e Facebook, com muitos f\u00e3s compartilhando mem\u00f3rias pessoais de Ayrton Senna e destacando a conex\u00e3o especial entre o piloto brasileiro e o p\u00fablico. As hashtags relacionadas ao evento rapidamente se tornaram tend\u00eancia, demonstrando a magnitude do impacto que Senna ainda tem sobre os entusiastas da F\u00f3rmula 1.<\/p>\n\n\n\n<p>A m\u00eddia especializada tamb\u00e9m dedicou amplo espa\u00e7o para cobrir o evento. Artigos e an\u00e1lises elogiaram a iniciativa de Vettel, ressaltando sua sensibilidade e respeito pela hist\u00f3ria do esporte. Diversos comentaristas destacaram como a homenagem refor\u00e7a a liga\u00e7\u00e3o entre gera\u00e7\u00f5es de pilotos e f\u00e3s, celebrando a heran\u00e7a deixada por Senna. A cobertura midi\u00e1tica enfatizou n\u00e3o apenas o aspecto nost\u00e1lgico do evento, mas tamb\u00e9m a relev\u00e2ncia cont\u00ednua de Ayrton Senna no cen\u00e1rio atual da F\u00f3rmula 1.<\/p>\n\n\n\n<p>Al\u00e9m disso, houve in\u00fameras rea\u00e7\u00f5es emocionadas de f\u00e3s que assistiram ao vivo ou acompanharam a repercuss\u00e3o. Muitos destacaram que o tributo de Vettel trouxe \u00e0 tona um sentimento de uni\u00e3o e respeito entre os aficionados do esporte, independentemente das rivalidades entre equipes e pilotos. A homenagem serviu como um lembrete poderoso do legado de Ayrton Senna e da influ\u00eancia duradoura que ele exerce sobre o mundo da F\u00f3rmula 1.<\/p>\n","protected":false},"excerpt":{"rendered":"<p>Em um encontro carregado de emo\u00e7\u00e3o e rever\u00eancia, Sebastian Vettel, tetracampe\u00e3o mundial de F\u00f3rmula 1, teve a rara oportunidade de<\/p>\n","protected":false},"author":2,"featured_media":10448,"comment_status":"closed","ping_status":"closed","sticky":true,"template":"","format":"status","meta":{"colormag_page_container_layout":"default_layout","colormag_page_sidebar_layout":"default_layout","footnotes":""},"categories":[1135],"tags":[1193],"class_list":["post-10447","post","type-post","status-publish","format-status","has-post-thumbnail","hentry","category-celebridades","tag-formula-1-2","post_format-post-format-status"],"aioseo_notices":[],"_links":{"self":[{"href":"https:\/\/portalr3.online\/index.php\/wp-json\/wp\/v2\/posts\/10447","targetHints":{"allow":["GET"]}}],"collection":[{"href":"https:\/\/portalr3.online\/index.php\/wp-json\/wp\/v2\/posts"}],"about":[{"href":"https:\/\/portalr3.online\/index.php\/wp-json\/wp\/v2\/types\/post"}],"author":[{"embeddable":true,"href":"https:\/\/portalr3.online\/index.php\/wp-json\/wp\/v2\/users\/2"}],"replies":[{"embeddable":true,"href":"https:\/\/portalr3.online\/index.php\/wp-json\/wp\/v2\/comments?post=10447"}],"version-history":[{"count":1,"href":"https:\/\/portalr3.online\/index.php\/wp-json\/wp\/v2\/posts\/10447\/revisions"}],"predecessor-version":[{"id":10449,"href":"https:\/\/portalr3.online\/index.php\/wp-json\/wp\/v2\/posts\/10447\/revisions\/10449"}],"wp:featuredmedia":[{"embeddable":true,"href":"https:\/\/portalr3.online\/index.php\/wp-json\/wp\/v2\/media\/10448"}],"wp:attachment":[{"href":"https:\/\/portalr3.online\/index.php\/wp-json\/wp\/v2\/media?parent=10447"}],"wp:term":[{"taxonomy":"category","embeddable":true,"href":"https:\/\/portalr3.online\/index.php\/wp-json\/wp\/v2\/categories?post=10447"},{"taxonomy":"post_tag","embeddable":true,"href":"https:\/\/portalr3.online\/index.php\/wp-json\/wp\/v2\/tags?post=10447"}],"curies":[{"name":"wp","href":"https:\/\/api.w.org\/{rel}","templated":true}]}}