{"id":10437,"date":"2024-05-05T23:24:31","date_gmt":"2024-05-05T23:24:31","guid":{"rendered":"https:\/\/portalr3.online\/?p=10437"},"modified":"2024-05-05T23:24:33","modified_gmt":"2024-05-05T23:24:33","slug":"madonna-e-pabllo-vittar","status":"publish","type":"post","link":"https:\/\/portalr3.online\/index.php\/2024\/05\/05\/madonna-e-pabllo-vittar\/","title":{"rendered":"Madonna e Pabllo Vittar"},"content":{"rendered":"\n<p><a href=\"https:\/\/celebridadestalks.online\/index.php\/2024\/05\/05\/madonna-e-pabllo-vittar-uma-parceria-inspiradora-na-luta-pela-diversidade-e-inclusao\/\"><time datetime=\"\"><\/time><\/a><a href=\"https:\/\/celebridadestalks.online\/index.php\/author\/celebridadestalks\/\"><\/a><\/p>\n\n\n\n<h2 class=\"wp-block-heading\">Madonna posta v\u00eddeo abra\u00e7ada com Pabllo Vittar e agradece ao Brasil<\/h2>\n\n\n\n<p>Madonna, a rainha do pop, surpreendeu os f\u00e3s ao postar um v\u00eddeo nas redes sociais em que aparece abra\u00e7ada com a drag queen brasileira Pabllo Vittar. No v\u00eddeo, as duas artistas trocam elogios e expressam sua admira\u00e7\u00e3o uma pela outra.<\/p>\n\n\n\n<p>Com uma legenda emocionante, Madonna agradeceu ao Brasil pelo carinho e apoio que recebeu ao longo de sua carreira. A cantora tamb\u00e9m destacou a import\u00e2ncia da diversidade e da inclus\u00e3o, e elogiou o talento de Pabllo Vittar.<\/p>\n\n\n\n<h2 class=\"wp-block-heading\">Uma parceria inesperada<\/h2>\n\n\n\n<p>A colabora\u00e7\u00e3o entre Madonna e Pabllo Vittar pegou muitos f\u00e3s de surpresa. As duas artistas t\u00eam estilos musicais diferentes, mas isso n\u00e3o impediu que elas se unissem em prol da m\u00fasica e da mensagem de amor e aceita\u00e7\u00e3o.<\/p>\n\n\n\n<p>Madonna, conhecida por sua atitude provocadora e seu ativismo pelos direitos LGBTQ+, encontrou em Pabllo Vittar uma parceira \u00e0 altura. A drag queen brasileira, que ganhou destaque internacional nos \u00faltimos anos, tem sido uma voz importante na luta pela igualdade e pela visibilidade da comunidade LGBTQ+.<\/p>\n\n\n\n<h2 class=\"wp-block-heading\">A import\u00e2ncia da diversidade<\/h2>\n\n\n\n<p>O v\u00eddeo postado por Madonna e Pabllo Vittar \u00e9 mais do que uma simples demonstra\u00e7\u00e3o de afeto entre duas artistas. Ele representa a import\u00e2ncia da diversidade e da inclus\u00e3o no mundo da m\u00fasica e na sociedade como um todo.<\/p>\n\n\n\n<p>Madonna sempre foi uma defensora dos direitos das minorias e uma voz poderosa na luta contra o preconceito. Ao abra\u00e7ar Pabllo Vittar e agradecer ao Brasil, ela refor\u00e7a seu compromisso com a igualdade e com a valoriza\u00e7\u00e3o da diversidade.<\/p>\n\n\n\n<p>Pabllo Vittar, por sua vez, se tornou um \u00edcone da comunidade LGBTQ+ e uma inspira\u00e7\u00e3o para muitos jovens que se sentem marginalizados por sua orienta\u00e7\u00e3o sexual ou identidade de g\u00eanero. Sua parceria com Madonna \u00e9 um passo importante na busca por uma sociedade mais inclusiva e respeitosa.<\/p>\n\n\n\n<h2 class=\"wp-block-heading\">O impacto da mensagem<\/h2>\n\n\n\n<p>O v\u00eddeo de Madonna e Pabllo Vittar abra\u00e7adas certamente ter\u00e1 um impacto significativo na vida de muitas pessoas. A mensagem de amor, aceita\u00e7\u00e3o e respeito que as duas artistas transmitem \u00e9 poderosa e inspiradora.<\/p>\n\n\n\n<p>Ao agradecer ao Brasil, Madonna reconhece o apoio e o carinho que recebeu ao longo de sua carreira. Ela mostra que a conex\u00e3o entre artistas e f\u00e3s vai al\u00e9m das fronteiras e das diferen\u00e7as culturais.<\/p>\n\n\n\n<p>Al\u00e9m disso, a parceria entre Madonna e Pabllo Vittar tamb\u00e9m pode abrir portas para novas colabora\u00e7\u00f5es entre artistas internacionais e brasileiros. A m\u00fasica \u00e9 uma linguagem universal e pode unir pessoas de diferentes origens e culturas.<\/p>\n\n\n\n<h2 class=\"wp-block-heading\">Conclus\u00e3o<\/h2>\n\n\n\n<p>O v\u00eddeo de Madonna e Pabllo Vittar abra\u00e7adas \u00e9 um lembrete poderoso de que a m\u00fasica tem o poder de unir pessoas e que a diversidade \u00e9 algo a ser celebrado. A parceria entre essas duas artistas ic\u00f4nicas representa um passo importante na luta pela igualdade e pela visibilidade da comunidade LGBTQ+.<\/p>\n\n\n\n<p>Agradecer ao Brasil foi uma forma de Madonna reconhecer a import\u00e2ncia do pa\u00eds em sua carreira e mostrar seu apoio \u00e0 comunidade LGBTQ+ brasileira. A mensagem de amor e respeito transmitida por essa parceria certamente ter\u00e1 um impacto duradouro na vida de muitos f\u00e3s ao redor do mundo.<\/p>\n","protected":false},"excerpt":{"rendered":"<p>Madonna posta v\u00eddeo abra\u00e7ada com Pabllo Vittar e agradece ao Brasil Madonna, a rainha do pop, surpreendeu os f\u00e3s ao<\/p>\n","protected":false},"author":2,"featured_media":10438,"comment_status":"closed","ping_status":"closed","sticky":true,"template":"","format":"status","meta":{"colormag_page_container_layout":"default_layout","colormag_page_sidebar_layout":"default_layout","footnotes":""},"categories":[1183],"tags":[1190],"class_list":["post-10437","post","type-post","status-publish","format-status","has-post-thumbnail","hentry","category-cultura","tag-madona","post_format-post-format-status"],"aioseo_notices":[],"_links":{"self":[{"href":"https:\/\/portalr3.online\/index.php\/wp-json\/wp\/v2\/posts\/10437","targetHints":{"allow":["GET"]}}],"collection":[{"href":"https:\/\/portalr3.online\/index.php\/wp-json\/wp\/v2\/posts"}],"about":[{"href":"https:\/\/portalr3.online\/index.php\/wp-json\/wp\/v2\/types\/post"}],"author":[{"embeddable":true,"href":"https:\/\/portalr3.online\/index.php\/wp-json\/wp\/v2\/users\/2"}],"replies":[{"embeddable":true,"href":"https:\/\/portalr3.online\/index.php\/wp-json\/wp\/v2\/comments?post=10437"}],"version-history":[{"count":1,"href":"https:\/\/portalr3.online\/index.php\/wp-json\/wp\/v2\/posts\/10437\/revisions"}],"predecessor-version":[{"id":10439,"href":"https:\/\/portalr3.online\/index.php\/wp-json\/wp\/v2\/posts\/10437\/revisions\/10439"}],"wp:featuredmedia":[{"embeddable":true,"href":"https:\/\/portalr3.online\/index.php\/wp-json\/wp\/v2\/media\/10438"}],"wp:attachment":[{"href":"https:\/\/portalr3.online\/index.php\/wp-json\/wp\/v2\/media?parent=10437"}],"wp:term":[{"taxonomy":"category","embeddable":true,"href":"https:\/\/portalr3.online\/index.php\/wp-json\/wp\/v2\/categories?post=10437"},{"taxonomy":"post_tag","embeddable":true,"href":"https:\/\/portalr3.online\/index.php\/wp-json\/wp\/v2\/tags?post=10437"}],"curies":[{"name":"wp","href":"https:\/\/api.w.org\/{rel}","templated":true}]}}