{"id":10382,"date":"2024-04-08T00:34:17","date_gmt":"2024-04-08T00:34:17","guid":{"rendered":"https:\/\/portalr3.online\/index.php\/2024\/04\/08\/a-importancia-da-saude-mental-nutricao-e-mudancas-climaticas\/"},"modified":"2024-04-08T00:35:48","modified_gmt":"2024-04-08T00:35:48","slug":"a-importancia-da-saude-mental-nutricao-e-mudancas-climaticas","status":"publish","type":"post","link":"https:\/\/portalr3.online\/index.php\/2024\/04\/08\/a-importancia-da-saude-mental-nutricao-e-mudancas-climaticas\/","title":{"rendered":"A Import\u00e2ncia da Sa\u00fade Mental, Nutri\u00e7\u00e3o e Mudan\u00e7as Clim\u00e1ticas"},"content":{"rendered":"<h2>A Import\u00e2ncia da Sa\u00fade Mental e a Rela\u00e7\u00e3o com a Nutri\u00e7\u00e3o<\/h2>\n<p>A sa\u00fade mental \u00e9 um tema cada vez mais discutido e valorizado nos dias de hoje. Com o aumento dos casos de estresse, ansiedade e depress\u00e3o, tornou-se essencial cuidar n\u00e3o apenas do corpo, mas tamb\u00e9m da mente. E um fator que muitas vezes \u00e9 negligenciado nessa equa\u00e7\u00e3o \u00e9 a nutri\u00e7\u00e3o.<\/p>\n<p>Quando pensamos em nutri\u00e7\u00e3o, geralmente associamos com a alimenta\u00e7\u00e3o e seus benef\u00edcios para o corpo. No entanto, a rela\u00e7\u00e3o entre a alimenta\u00e7\u00e3o e a sa\u00fade mental \u00e9 mais profunda do que imaginamos. Estudos t\u00eam mostrado que uma dieta equilibrada e rica em nutrientes pode ter um impacto significativo no bem-estar mental.<\/p>\n<h2>A Dieta e as Mudan\u00e7as Clim\u00e1ticas no Brasil<\/h2>\n<p>No Brasil, as mudan\u00e7as clim\u00e1ticas t\u00eam sido um assunto cada vez mais presente. O aumento das temperaturas, as secas prolongadas e os desastres naturais t\u00eam afetado n\u00e3o apenas o meio ambiente, mas tamb\u00e9m a sa\u00fade p\u00fablica. E a dieta desempenha um papel fundamental nesse contexto.<\/p>\n<p>Uma alimenta\u00e7\u00e3o saud\u00e1vel e sustent\u00e1vel pode ajudar a combater as mudan\u00e7as clim\u00e1ticas e preservar o meio ambiente. Optar por alimentos org\u00e2nicos, de origem local e sazonais, al\u00e9m de reduzir o consumo de carne e produtos industrializados, \u00e9 uma forma de contribuir para um futuro mais sustent\u00e1vel e saud\u00e1vel.<\/p>\n<h2>A Organiza\u00e7\u00e3o Mundial de Sa\u00fade e a Pandemia do Coronav\u00edrus<\/h2>\n<p>A Organiza\u00e7\u00e3o Mundial de Sa\u00fade (OMS) tem desempenhado um papel fundamental na gest\u00e3o da pandemia do coronav\u00edrus. Desde o in\u00edcio da crise, a OMS tem trabalhado para fornecer informa\u00e7\u00f5es confi\u00e1veis e orienta\u00e7\u00f5es para proteger a sa\u00fade p\u00fablica e combater a propaga\u00e7\u00e3o do v\u00edrus.<\/p>\n<p>Al\u00e9m disso, a OMS tamb\u00e9m tem destacado a import\u00e2ncia da sa\u00fade mental durante a pandemia. O isolamento social, o medo e a incerteza podem ter um impacto significativo na sa\u00fade mental das pessoas. Por isso, \u00e9 essencial cuidar da sa\u00fade mental e buscar apoio quando necess\u00e1rio.<\/p>\n<p>Em resumo, a sa\u00fade mental e a nutri\u00e7\u00e3o est\u00e3o intrinsecamente ligadas. Cuidar da alimenta\u00e7\u00e3o e adotar uma dieta equilibrada e rica em nutrientes pode ter um impacto positivo no bem-estar mental. Al\u00e9m disso, as mudan\u00e7as clim\u00e1ticas no Brasil exigem uma reflex\u00e3o sobre nossos h\u00e1bitos alimentares e a busca por uma dieta mais sustent\u00e1vel. E, durante a pandemia do coronav\u00edrus, \u00e9 essencial cuidar da sa\u00fade mental e buscar apoio quando necess\u00e1rio. Afinal, a sa\u00fade p\u00fablica \u00e9 um bem precioso que deve ser preservado.<\/p>\n","protected":false},"excerpt":{"rendered":"<p>A Import\u00e2ncia da Sa\u00fade Mental e a Rela\u00e7\u00e3o com a Nutri\u00e7\u00e3o A sa\u00fade mental \u00e9 um tema cada vez mais<\/p>\n","protected":false},"author":2,"featured_media":10383,"comment_status":"closed","ping_status":"closed","sticky":true,"template":"","format":"standard","meta":{"colormag_page_container_layout":"default_layout","colormag_page_sidebar_layout":"default_layout","footnotes":""},"categories":[28],"tags":[1153,1152,1151],"class_list":["post-10382","post","type-post","status-publish","format-standard","has-post-thumbnail","hentry","category-saude","tag-mudancas-climaticas","tag-nutricao","tag-saude-mental"],"aioseo_notices":[],"_links":{"self":[{"href":"https:\/\/portalr3.online\/index.php\/wp-json\/wp\/v2\/posts\/10382","targetHints":{"allow":["GET"]}}],"collection":[{"href":"https:\/\/portalr3.online\/index.php\/wp-json\/wp\/v2\/posts"}],"about":[{"href":"https:\/\/portalr3.online\/index.php\/wp-json\/wp\/v2\/types\/post"}],"author":[{"embeddable":true,"href":"https:\/\/portalr3.online\/index.php\/wp-json\/wp\/v2\/users\/2"}],"replies":[{"embeddable":true,"href":"https:\/\/portalr3.online\/index.php\/wp-json\/wp\/v2\/comments?post=10382"}],"version-history":[{"count":1,"href":"https:\/\/portalr3.online\/index.php\/wp-json\/wp\/v2\/posts\/10382\/revisions"}],"predecessor-version":[{"id":10385,"href":"https:\/\/portalr3.online\/index.php\/wp-json\/wp\/v2\/posts\/10382\/revisions\/10385"}],"wp:featuredmedia":[{"embeddable":true,"href":"https:\/\/portalr3.online\/index.php\/wp-json\/wp\/v2\/media\/10383"}],"wp:attachment":[{"href":"https:\/\/portalr3.online\/index.php\/wp-json\/wp\/v2\/media?parent=10382"}],"wp:term":[{"taxonomy":"category","embeddable":true,"href":"https:\/\/portalr3.online\/index.php\/wp-json\/wp\/v2\/categories?post=10382"},{"taxonomy":"post_tag","embeddable":true,"href":"https:\/\/portalr3.online\/index.php\/wp-json\/wp\/v2\/tags?post=10382"}],"curies":[{"name":"wp","href":"https:\/\/api.w.org\/{rel}","templated":true}]}}